{"id":19215,"date":"2026-04-27T15:16:20","date_gmt":"2026-04-27T13:16:20","guid":{"rendered":"https:\/\/www.kelmis.be\/?p=19215"},"modified":"2026-04-27T15:16:51","modified_gmt":"2026-04-27T13:16:51","slug":"poubelles-depourvues-dune-vignette-valide-ne-seront-plus-videes-a-partir-du-1er-mai","status":"publish","type":"post","link":"https:\/\/www.kelmis.be\/fr\/depuis-la-maison-communale\/poubelles-depourvues-dune-vignette-valide-ne-seront-plus-videes-a-partir-du-1er-mai","title":{"rendered":"Poubelles d\u00e9pourvues d&rsquo;une vignette valide ne seront plus vid\u00e9es \u00e0 partir du 1er mai"},"content":{"rendered":"<p>Nous rappelons \u00e0 la population que les poubelles d\u00e9pourvues d&rsquo;une vignette valide ne seront plus vid\u00e9es \u00e0 partir du 1er mai. N&rsquo;oubliez donc pas d&rsquo;apposer la vignette.<br \/>\nSi vous n&rsquo;avez pas encore achet\u00e9 la vignette, vous pouvez le faire : elle est disponible au prix de 55 euros \u00e0 l&rsquo;accueil de la maison communale.<br \/>\nLes poubelles sont vid\u00e9es une fois par semaine : le mercredi \u00e0 La Calamine et le jeudi \u00e0 Hergenrath.<br \/>\nLa nouvelle vignette est valable jusqu&rsquo;au 1er mai 2027.<\/p>\n<p>&nbsp;<\/p>\n","protected":false},"excerpt":{"rendered":"Nous rappelons \u00e0 la population que les poubelles d\u00e9pourvues d&rsquo;une vignette valide ne seront plus vid\u00e9es \u00e0 partir du 1er mai. N&rsquo;oubliez donc pas d&rsquo;apposer la vignette. Si vous n&rsquo;avez pas encore achet\u00e9 la vignette, vous pouvez le faire : elle est disponible au prix de 55 euros \u00e0 l&rsquo;accueil de la maison communale. Les [&hellip;]","protected":false},"author":2,"featured_media":19216,"comment_status":"closed","ping_status":"closed","sticky":false,"template":"","format":"standard","meta":{"_acf_changed":false,"footnotes":""},"categories":[71],"tags":[],"class_list":["post-19215","post","type-post","status-publish","format-standard","has-post-thumbnail","hentry","category-depuis-la-maison-communale"],"acf":[],"_links":{"self":[{"href":"https:\/\/www.kelmis.be\/fr\/wp-json\/wp\/v2\/posts\/19215","targetHints":{"allow":["GET"]}}],"collection":[{"href":"https:\/\/www.kelmis.be\/fr\/wp-json\/wp\/v2\/posts"}],"about":[{"href":"https:\/\/www.kelmis.be\/fr\/wp-json\/wp\/v2\/types\/post"}],"author":[{"embeddable":true,"href":"https:\/\/www.kelmis.be\/fr\/wp-json\/wp\/v2\/users\/2"}],"replies":[{"embeddable":true,"href":"https:\/\/www.kelmis.be\/fr\/wp-json\/wp\/v2\/comments?post=19215"}],"version-history":[{"count":1,"href":"https:\/\/www.kelmis.be\/fr\/wp-json\/wp\/v2\/posts\/19215\/revisions"}],"predecessor-version":[{"id":19217,"href":"https:\/\/www.kelmis.be\/fr\/wp-json\/wp\/v2\/posts\/19215\/revisions\/19217"}],"wp:featuredmedia":[{"embeddable":true,"href":"https:\/\/www.kelmis.be\/fr\/wp-json\/wp\/v2\/media\/19216"}],"wp:attachment":[{"href":"https:\/\/www.kelmis.be\/fr\/wp-json\/wp\/v2\/media?parent=19215"}],"wp:term":[{"taxonomy":"category","embeddable":true,"href":"https:\/\/www.kelmis.be\/fr\/wp-json\/wp\/v2\/categories?post=19215"},{"taxonomy":"post_tag","embeddable":true,"href":"https:\/\/www.kelmis.be\/fr\/wp-json\/wp\/v2\/tags?post=19215"}],"curies":[{"name":"wp","href":"https:\/\/api.w.org\/{rel}","templated":true}]}}