{"id":19160,"date":"2026-04-22T12:59:04","date_gmt":"2026-04-22T10:59:04","guid":{"rendered":"https:\/\/www.kelmis.be\/?p=19160"},"modified":"2026-04-22T13:18:55","modified_gmt":"2026-04-22T11:18:55","slug":"eau-potable-erreur-informatique-dans-les-factures-trimestrielles-document-uniquement-en-allemand","status":"publish","type":"post","link":"https:\/\/www.kelmis.be\/fr\/depuis-la-maison-communale\/eau-potable-erreur-informatique-dans-les-factures-trimestrielles-document-uniquement-en-allemand","title":{"rendered":"Eau potable : Erreur informatique dans les factures trimestrielles &#8211; Document uniquement en allemand"},"content":{"rendered":"<p>Avis important \u00e0 l&rsquo;attention des clients de notre service Eau potable<\/p>\n<p>En raison d&rsquo;une erreur informatique survenue lors d&rsquo;une mise \u00e0 jour du programme, les factures trimestrielles du mois d&rsquo;avril n&rsquo;ont \u00e9t\u00e9 envoy\u00e9es qu&rsquo;en allemand. Nous vous prions de bien vouloir nous en excuser. Lors de la prochaine facturation en juillet, les factures seront \u00e0 nouveau envoy\u00e9es en allemand ou en fran\u00e7ais.<\/p>\n<p>Votre service Eau potable<\/p>\n","protected":false},"excerpt":{"rendered":"Avis important \u00e0 l&rsquo;attention des clients de notre service Eau potable En raison d&rsquo;une erreur informatique survenue lors d&rsquo;une mise \u00e0 jour du programme, les factures trimestrielles du mois d&rsquo;avril n&rsquo;ont \u00e9t\u00e9 envoy\u00e9es qu&rsquo;en allemand. Nous vous prions de bien vouloir nous en excuser. Lors de la prochaine facturation en juillet, les factures seront \u00e0 [&hellip;]","protected":false},"author":2,"featured_media":19161,"comment_status":"closed","ping_status":"closed","sticky":false,"template":"","format":"standard","meta":{"_acf_changed":false,"footnotes":""},"categories":[71],"tags":[],"class_list":["post-19160","post","type-post","status-publish","format-standard","has-post-thumbnail","hentry","category-depuis-la-maison-communale"],"acf":[],"_links":{"self":[{"href":"https:\/\/www.kelmis.be\/fr\/wp-json\/wp\/v2\/posts\/19160","targetHints":{"allow":["GET"]}}],"collection":[{"href":"https:\/\/www.kelmis.be\/fr\/wp-json\/wp\/v2\/posts"}],"about":[{"href":"https:\/\/www.kelmis.be\/fr\/wp-json\/wp\/v2\/types\/post"}],"author":[{"embeddable":true,"href":"https:\/\/www.kelmis.be\/fr\/wp-json\/wp\/v2\/users\/2"}],"replies":[{"embeddable":true,"href":"https:\/\/www.kelmis.be\/fr\/wp-json\/wp\/v2\/comments?post=19160"}],"version-history":[{"count":1,"href":"https:\/\/www.kelmis.be\/fr\/wp-json\/wp\/v2\/posts\/19160\/revisions"}],"predecessor-version":[{"id":19162,"href":"https:\/\/www.kelmis.be\/fr\/wp-json\/wp\/v2\/posts\/19160\/revisions\/19162"}],"wp:featuredmedia":[{"embeddable":true,"href":"https:\/\/www.kelmis.be\/fr\/wp-json\/wp\/v2\/media\/19161"}],"wp:attachment":[{"href":"https:\/\/www.kelmis.be\/fr\/wp-json\/wp\/v2\/media?parent=19160"}],"wp:term":[{"taxonomy":"category","embeddable":true,"href":"https:\/\/www.kelmis.be\/fr\/wp-json\/wp\/v2\/categories?post=19160"},{"taxonomy":"post_tag","embeddable":true,"href":"https:\/\/www.kelmis.be\/fr\/wp-json\/wp\/v2\/tags?post=19160"}],"curies":[{"name":"wp","href":"https:\/\/api.w.org\/{rel}","templated":true}]}}