{"id":19148,"date":"2026-04-21T16:53:26","date_gmt":"2026-04-21T14:53:26","guid":{"rendered":"https:\/\/www.kelmis.be\/?p=19148"},"modified":"2026-04-21T16:54:09","modified_gmt":"2026-04-21T14:54:09","slug":"le-nouveau-kelmis-magazine-est-disponible-3","status":"publish","type":"post","link":"https:\/\/www.kelmis.be\/fr\/depuis-la-maison-communale\/le-nouveau-kelmis-magazine-est-disponible-3","title":{"rendered":"Le nouveau Kelmis magazine est disponible"},"content":{"rendered":"<p>Le nouveau num\u00e9ro du Kelmis magazine est disponible. La une est consacr\u00e9e \u00e0 Samuel Gomez-Klinkenberg et No\u00e9 Schonmacker. Tous deux r\u00e9sident dans notre commune et sont des archers extr\u00eamement talentueux, qui ont d\u00e9j\u00e0 remport\u00e9 des titres de champions provinciaux et nationaux.<\/p>\n<p>Le nouveau magazine est disponible en allemand et en fran\u00e7ais \u00e0 la maison communale, au CPAS, au mus\u00e9e Vieille Montagne et \u00e0 la biblioth\u00e8que paroissiale.<\/p>\n<p>Vous pouvez consulter la version num\u00e9rique <strong><a href=\"https:\/\/heyzine.com\/flip-book\/9d1358d01e.html\">ici <\/a><\/strong>ou dans la rubrique T\u00e9l\u00e9chargements.<\/p>\n","protected":false},"excerpt":{"rendered":"Le nouveau num\u00e9ro du Kelmis magazine est disponible. La une est consacr\u00e9e \u00e0 Samuel Gomez-Klinkenberg et No\u00e9 Schonmacker. Tous deux r\u00e9sident dans notre commune et sont des archers extr\u00eamement talentueux, qui ont d\u00e9j\u00e0 remport\u00e9 des titres de champions provinciaux et nationaux. Le nouveau magazine est disponible en allemand et en fran\u00e7ais \u00e0 la maison communale, [&hellip;]","protected":false},"author":2,"featured_media":19149,"comment_status":"closed","ping_status":"closed","sticky":false,"template":"","format":"standard","meta":{"_acf_changed":false,"footnotes":""},"categories":[71],"tags":[],"class_list":["post-19148","post","type-post","status-publish","format-standard","has-post-thumbnail","hentry","category-depuis-la-maison-communale"],"acf":[],"_links":{"self":[{"href":"https:\/\/www.kelmis.be\/fr\/wp-json\/wp\/v2\/posts\/19148","targetHints":{"allow":["GET"]}}],"collection":[{"href":"https:\/\/www.kelmis.be\/fr\/wp-json\/wp\/v2\/posts"}],"about":[{"href":"https:\/\/www.kelmis.be\/fr\/wp-json\/wp\/v2\/types\/post"}],"author":[{"embeddable":true,"href":"https:\/\/www.kelmis.be\/fr\/wp-json\/wp\/v2\/users\/2"}],"replies":[{"embeddable":true,"href":"https:\/\/www.kelmis.be\/fr\/wp-json\/wp\/v2\/comments?post=19148"}],"version-history":[{"count":2,"href":"https:\/\/www.kelmis.be\/fr\/wp-json\/wp\/v2\/posts\/19148\/revisions"}],"predecessor-version":[{"id":19151,"href":"https:\/\/www.kelmis.be\/fr\/wp-json\/wp\/v2\/posts\/19148\/revisions\/19151"}],"wp:featuredmedia":[{"embeddable":true,"href":"https:\/\/www.kelmis.be\/fr\/wp-json\/wp\/v2\/media\/19149"}],"wp:attachment":[{"href":"https:\/\/www.kelmis.be\/fr\/wp-json\/wp\/v2\/media?parent=19148"}],"wp:term":[{"taxonomy":"category","embeddable":true,"href":"https:\/\/www.kelmis.be\/fr\/wp-json\/wp\/v2\/categories?post=19148"},{"taxonomy":"post_tag","embeddable":true,"href":"https:\/\/www.kelmis.be\/fr\/wp-json\/wp\/v2\/tags?post=19148"}],"curies":[{"name":"wp","href":"https:\/\/api.w.org\/{rel}","templated":true}]}}