{"id":19141,"date":"2026-04-21T16:34:17","date_gmt":"2026-04-21T14:34:17","guid":{"rendered":"https:\/\/www.kelmis.be\/?p=19141"},"modified":"2026-04-29T09:44:47","modified_gmt":"2026-04-29T07:44:47","slug":"le-service-finances-et-eau-potable-recrute-un-employe-administratif-m-f-x","status":"publish","type":"post","link":"https:\/\/www.kelmis.be\/fr\/offres-demploi\/le-service-finances-et-eau-potable-recrute-un-employe-administratif-m-f-x","title":{"rendered":"Le service Finances et eau potable recrute un employ\u00e9 administratif (m\/f\/x)"},"content":{"rendered":"<p>Le service Finances et eau potable recrute un employ\u00e9 administratif (m\/f\/x). Les candidatures \u00e9crites avec C.V., lettre de motivation et dipl\u00f4mes sont \u00e0 envoyer jusqu\u2019au 10 mai 2026 par e-mail (personaldienst@kelmis.be), par courrier (Coll\u00e8ge communal de commune de La Calamine, rue de l\u2019\u00c9glise 31 \u00e0 4720 La Calamine) ou \u00e0 d\u00e9poser au service du personnel (contre accus\u00e9 de r\u00e9ception)<\/p>\n<p>Pour plus d\u2019informations, contactez le directeur financier (Thierry BARTH) au 087\/63 98 39 ou par e-mail thierry.barth@kelmis.be.<\/p>\n<p>Vous trouvez toutes les infos dans la zone de t\u00e9l\u00e9chargement.<\/p>\n","protected":false},"excerpt":{"rendered":"Le service Finances et eau potable recrute un employ\u00e9 administratif (m\/f\/x). Les candidatures \u00e9crites avec C.V., lettre de motivation et dipl\u00f4mes sont \u00e0 envoyer jusqu\u2019au 10 mai 2026 par e-mail (personaldienst@kelmis.be), par courrier (Coll\u00e8ge communal de commune de La Calamine, rue de l\u2019\u00c9glise 31 \u00e0 4720 La Calamine) ou \u00e0 d\u00e9poser au service du personnel [&hellip;]","protected":false},"author":2,"featured_media":19139,"comment_status":"closed","ping_status":"closed","sticky":false,"template":"","format":"standard","meta":{"_acf_changed":false,"footnotes":""},"categories":[72],"tags":[],"class_list":["post-19141","post","type-post","status-publish","format-standard","has-post-thumbnail","hentry","category-offres-demploi"],"acf":[],"_links":{"self":[{"href":"https:\/\/www.kelmis.be\/fr\/wp-json\/wp\/v2\/posts\/19141","targetHints":{"allow":["GET"]}}],"collection":[{"href":"https:\/\/www.kelmis.be\/fr\/wp-json\/wp\/v2\/posts"}],"about":[{"href":"https:\/\/www.kelmis.be\/fr\/wp-json\/wp\/v2\/types\/post"}],"author":[{"embeddable":true,"href":"https:\/\/www.kelmis.be\/fr\/wp-json\/wp\/v2\/users\/2"}],"replies":[{"embeddable":true,"href":"https:\/\/www.kelmis.be\/fr\/wp-json\/wp\/v2\/comments?post=19141"}],"version-history":[{"count":2,"href":"https:\/\/www.kelmis.be\/fr\/wp-json\/wp\/v2\/posts\/19141\/revisions"}],"predecessor-version":[{"id":19152,"href":"https:\/\/www.kelmis.be\/fr\/wp-json\/wp\/v2\/posts\/19141\/revisions\/19152"}],"wp:featuredmedia":[{"embeddable":true,"href":"https:\/\/www.kelmis.be\/fr\/wp-json\/wp\/v2\/media\/19139"}],"wp:attachment":[{"href":"https:\/\/www.kelmis.be\/fr\/wp-json\/wp\/v2\/media?parent=19141"}],"wp:term":[{"taxonomy":"category","embeddable":true,"href":"https:\/\/www.kelmis.be\/fr\/wp-json\/wp\/v2\/categories?post=19141"},{"taxonomy":"post_tag","embeddable":true,"href":"https:\/\/www.kelmis.be\/fr\/wp-json\/wp\/v2\/tags?post=19141"}],"curies":[{"name":"wp","href":"https:\/\/api.w.org\/{rel}","templated":true}]}}