{"id":19138,"date":"2026-04-21T16:30:56","date_gmt":"2026-04-21T14:30:56","guid":{"rendered":"https:\/\/www.kelmis.be\/?p=19138"},"modified":"2026-04-29T09:45:19","modified_gmt":"2026-04-29T07:45:19","slug":"nous-recrutons-un-informaticien-m-f-x","status":"publish","type":"post","link":"https:\/\/www.kelmis.be\/fr\/offres-demploi\/nous-recrutons-un-informaticien-m-f-x","title":{"rendered":"Nous recrutons un informaticien (m\/f\/x)"},"content":{"rendered":"<p>Nous recrutons un informaticien (m\/f\/x). Les candidatures \u00e9crites (CV, lettre de motivation et dipl\u00f4mes) sont \u00e0 envoyer jusqu\u2019au 10 mai 2026 par mail (personaldienst@kelmis.be) ou par courrier recommand\u00e9 au Coll\u00e8ge communal de La Calamine, rue de l\u2019\u00c9glise 31, 4720 La Calamine.<\/p>\n<p>Pour de plus amples informations, veuillez contacter la directrice g\u00e9n\u00e9rale Nathalie WIMMER, 087\/63 9811 ou nathalie.wimmer@kelmis.be.<\/p>\n<p>Vous trouvez toutes les infos dans la zone de t\u00e9l\u00e9chargement.<\/p>\n","protected":false},"excerpt":{"rendered":"Nous recrutons un informaticien (m\/f\/x). Les candidatures \u00e9crites (CV, lettre de motivation et dipl\u00f4mes) sont \u00e0 envoyer jusqu\u2019au 10 mai 2026 par mail (personaldienst@kelmis.be) ou par courrier recommand\u00e9 au Coll\u00e8ge communal de La Calamine, rue de l\u2019\u00c9glise 31, 4720 La Calamine. Pour de plus amples informations, veuillez contacter la directrice g\u00e9n\u00e9rale Nathalie WIMMER, 087\/63 9811 [&hellip;]","protected":false},"author":2,"featured_media":19139,"comment_status":"closed","ping_status":"closed","sticky":false,"template":"","format":"standard","meta":{"_acf_changed":false,"footnotes":""},"categories":[72],"tags":[],"class_list":["post-19138","post","type-post","status-publish","format-standard","has-post-thumbnail","hentry","category-offres-demploi"],"acf":[],"_links":{"self":[{"href":"https:\/\/www.kelmis.be\/fr\/wp-json\/wp\/v2\/posts\/19138","targetHints":{"allow":["GET"]}}],"collection":[{"href":"https:\/\/www.kelmis.be\/fr\/wp-json\/wp\/v2\/posts"}],"about":[{"href":"https:\/\/www.kelmis.be\/fr\/wp-json\/wp\/v2\/types\/post"}],"author":[{"embeddable":true,"href":"https:\/\/www.kelmis.be\/fr\/wp-json\/wp\/v2\/users\/2"}],"replies":[{"embeddable":true,"href":"https:\/\/www.kelmis.be\/fr\/wp-json\/wp\/v2\/comments?post=19138"}],"version-history":[{"count":1,"href":"https:\/\/www.kelmis.be\/fr\/wp-json\/wp\/v2\/posts\/19138\/revisions"}],"predecessor-version":[{"id":19140,"href":"https:\/\/www.kelmis.be\/fr\/wp-json\/wp\/v2\/posts\/19138\/revisions\/19140"}],"wp:featuredmedia":[{"embeddable":true,"href":"https:\/\/www.kelmis.be\/fr\/wp-json\/wp\/v2\/media\/19139"}],"wp:attachment":[{"href":"https:\/\/www.kelmis.be\/fr\/wp-json\/wp\/v2\/media?parent=19138"}],"wp:term":[{"taxonomy":"category","embeddable":true,"href":"https:\/\/www.kelmis.be\/fr\/wp-json\/wp\/v2\/categories?post=19138"},{"taxonomy":"post_tag","embeddable":true,"href":"https:\/\/www.kelmis.be\/fr\/wp-json\/wp\/v2\/tags?post=19138"}],"curies":[{"name":"wp","href":"https:\/\/api.w.org\/{rel}","templated":true}]}}