{"id":19135,"date":"2026-04-21T16:12:24","date_gmt":"2026-04-21T14:12:24","guid":{"rendered":"https:\/\/www.kelmis.be\/?p=19135"},"modified":"2026-04-29T09:46:01","modified_gmt":"2026-04-29T07:46:01","slug":"le-service-eau-potable-recrute-un-electricien-m-f-x","status":"publish","type":"post","link":"https:\/\/www.kelmis.be\/fr\/offres-demploi\/le-service-eau-potable-recrute-un-electricien-m-f-x","title":{"rendered":"Le service Eau potable recrute un \u00e9lectricien (m\/f\/x)"},"content":{"rendered":"<p>Le service Eau potable recrute un \u00e9lectricien (m\/f\/x). Les candidatures \u00e9crites (CV, lettre de motivation et dipl\u00f4mes) sont \u00e0 envoyer jusqu\u2019au 10 mai 2026 par e-mail (personaldienst@kelmis.be) ou par courrier recommand\u00e9 au Coll\u00e8ge communal de La Calamine, rue de l\u2019\u00c9glise 31, 4720 Calamine.<\/p>\n<p>Pour plus d\u2019informations, contactez le brigadier du service Eau potable, Patrick KAISER, 087\/65 91 41.<\/p>\n<p>Vous trouvez toutes les infos dans la zone de t\u00e9l\u00e9chargement.<\/p>\n","protected":false},"excerpt":{"rendered":"Le service Eau potable recrute un \u00e9lectricien (m\/f\/x). Les candidatures \u00e9crites (CV, lettre de motivation et dipl\u00f4mes) sont \u00e0 envoyer jusqu\u2019au 10 mai 2026 par e-mail (personaldienst@kelmis.be) ou par courrier recommand\u00e9 au Coll\u00e8ge communal de La Calamine, rue de l\u2019\u00c9glise 31, 4720 Calamine. Pour plus d\u2019informations, contactez le brigadier du service Eau potable, Patrick KAISER, [&hellip;]","protected":false},"author":2,"featured_media":19136,"comment_status":"closed","ping_status":"closed","sticky":false,"template":"","format":"standard","meta":{"_acf_changed":false,"footnotes":""},"categories":[72],"tags":[],"class_list":["post-19135","post","type-post","status-publish","format-standard","has-post-thumbnail","hentry","category-offres-demploi"],"acf":[],"_links":{"self":[{"href":"https:\/\/www.kelmis.be\/fr\/wp-json\/wp\/v2\/posts\/19135","targetHints":{"allow":["GET"]}}],"collection":[{"href":"https:\/\/www.kelmis.be\/fr\/wp-json\/wp\/v2\/posts"}],"about":[{"href":"https:\/\/www.kelmis.be\/fr\/wp-json\/wp\/v2\/types\/post"}],"author":[{"embeddable":true,"href":"https:\/\/www.kelmis.be\/fr\/wp-json\/wp\/v2\/users\/2"}],"replies":[{"embeddable":true,"href":"https:\/\/www.kelmis.be\/fr\/wp-json\/wp\/v2\/comments?post=19135"}],"version-history":[{"count":1,"href":"https:\/\/www.kelmis.be\/fr\/wp-json\/wp\/v2\/posts\/19135\/revisions"}],"predecessor-version":[{"id":19137,"href":"https:\/\/www.kelmis.be\/fr\/wp-json\/wp\/v2\/posts\/19135\/revisions\/19137"}],"wp:featuredmedia":[{"embeddable":true,"href":"https:\/\/www.kelmis.be\/fr\/wp-json\/wp\/v2\/media\/19136"}],"wp:attachment":[{"href":"https:\/\/www.kelmis.be\/fr\/wp-json\/wp\/v2\/media?parent=19135"}],"wp:term":[{"taxonomy":"category","embeddable":true,"href":"https:\/\/www.kelmis.be\/fr\/wp-json\/wp\/v2\/categories?post=19135"},{"taxonomy":"post_tag","embeddable":true,"href":"https:\/\/www.kelmis.be\/fr\/wp-json\/wp\/v2\/tags?post=19135"}],"curies":[{"name":"wp","href":"https:\/\/api.w.org\/{rel}","templated":true}]}}