{"id":19132,"date":"2026-04-21T16:08:56","date_gmt":"2026-04-21T14:08:56","guid":{"rendered":"https:\/\/www.kelmis.be\/?p=19132"},"modified":"2026-04-29T09:48:14","modified_gmt":"2026-04-29T07:48:14","slug":"le-depot-communal-recrute-un-technicien-m-f-x-2","status":"publish","type":"post","link":"https:\/\/www.kelmis.be\/fr\/offres-demploi\/le-depot-communal-recrute-un-technicien-m-f-x-2","title":{"rendered":"Le d\u00e9p\u00f4t communal recrute un technicien (m\/f\/x)"},"content":{"rendered":"<p>Le Service technique au d\u00e9p\u00f4t communal recrute un technicien (m\/f\/x). Les candidatures \u00e9crites (CV, lettre de motivation et dipl\u00f4mes) sont \u00e0 envoyer jusqu\u2019au 10 mai 2026 par e-mail (personaldienst@kelmis.be) ou par courrier recommand\u00e9 au Coll\u00e8ge communal de La Calamine, rue de l\u2019\u00c9glise 31, 4720 La Calamine.<\/p>\n<p>Pour plus d\u2019informations, contactez le chef du d\u00e9p\u00f4t communal (Marc KRAUTH) au 0473\/822014.<\/p>\n<p>Vous trouvez toutes les infos dans la zone de t\u00e9l\u00e9chargement.<\/p>\n","protected":false},"excerpt":{"rendered":"Le Service technique au d\u00e9p\u00f4t communal recrute un technicien (m\/f\/x). Les candidatures \u00e9crites (CV, lettre de motivation et dipl\u00f4mes) sont \u00e0 envoyer jusqu\u2019au 10 mai 2026 par e-mail (personaldienst@kelmis.be) ou par courrier recommand\u00e9 au Coll\u00e8ge communal de La Calamine, rue de l\u2019\u00c9glise 31, 4720 La Calamine. Pour plus d\u2019informations, contactez le chef du d\u00e9p\u00f4t communal [&hellip;]","protected":false},"author":2,"featured_media":19133,"comment_status":"closed","ping_status":"closed","sticky":false,"template":"","format":"standard","meta":{"_acf_changed":false,"footnotes":""},"categories":[72],"tags":[],"class_list":["post-19132","post","type-post","status-publish","format-standard","has-post-thumbnail","hentry","category-offres-demploi"],"acf":[],"_links":{"self":[{"href":"https:\/\/www.kelmis.be\/fr\/wp-json\/wp\/v2\/posts\/19132","targetHints":{"allow":["GET"]}}],"collection":[{"href":"https:\/\/www.kelmis.be\/fr\/wp-json\/wp\/v2\/posts"}],"about":[{"href":"https:\/\/www.kelmis.be\/fr\/wp-json\/wp\/v2\/types\/post"}],"author":[{"embeddable":true,"href":"https:\/\/www.kelmis.be\/fr\/wp-json\/wp\/v2\/users\/2"}],"replies":[{"embeddable":true,"href":"https:\/\/www.kelmis.be\/fr\/wp-json\/wp\/v2\/comments?post=19132"}],"version-history":[{"count":1,"href":"https:\/\/www.kelmis.be\/fr\/wp-json\/wp\/v2\/posts\/19132\/revisions"}],"predecessor-version":[{"id":19134,"href":"https:\/\/www.kelmis.be\/fr\/wp-json\/wp\/v2\/posts\/19132\/revisions\/19134"}],"wp:featuredmedia":[{"embeddable":true,"href":"https:\/\/www.kelmis.be\/fr\/wp-json\/wp\/v2\/media\/19133"}],"wp:attachment":[{"href":"https:\/\/www.kelmis.be\/fr\/wp-json\/wp\/v2\/media?parent=19132"}],"wp:term":[{"taxonomy":"category","embeddable":true,"href":"https:\/\/www.kelmis.be\/fr\/wp-json\/wp\/v2\/categories?post=19132"},{"taxonomy":"post_tag","embeddable":true,"href":"https:\/\/www.kelmis.be\/fr\/wp-json\/wp\/v2\/tags?post=19132"}],"curies":[{"name":"wp","href":"https:\/\/api.w.org\/{rel}","templated":true}]}}