{"id":19108,"date":"2026-04-15T09:33:57","date_gmt":"2026-04-15T07:33:57","guid":{"rendered":"https:\/\/www.kelmis.be\/?p=19108"},"modified":"2026-04-15T09:35:12","modified_gmt":"2026-04-15T07:35:12","slug":"appel-a-candidatures-dans-lenseignement-communal-de-notre-commune","status":"publish","type":"post","link":"https:\/\/www.kelmis.be\/fr\/offres-demploi\/appel-a-candidatures-dans-lenseignement-communal-de-notre-commune","title":{"rendered":"Appel \u00e0 candidatures dans l&rsquo;enseignement communal de notre commune"},"content":{"rendered":"<p>Vous trouverez dans la rubrique \u00ab T\u00e9l\u00e9chargements \u00bb l&rsquo;appel \u00e0 candidatures (en langue allemande) dans l&rsquo;enseignement communal de La Calamine pour l&rsquo;ann\u00e9e scolaire 2026-2027.<br \/>\nLes personnes int\u00e9ress\u00e9es sont pri\u00e9es d&rsquo;envoyer leur dossier de candidature au plus tard le 30 avril 2026 inclus (le cachet de la poste faisant foi) par courrier recommand\u00e9 avec accus\u00e9 de r\u00e9ception ou par e-mail avec accus\u00e9 de r\u00e9ception \u00e9lectronique \u00e0 l&rsquo;adresse suivante :<\/p>\n<p>Administration communale de La Calamine (Service enseignement)<br \/>\nRue de l&rsquo;\u00c9glise 31<br \/>\n4720 La Calamine<\/p>\n<p>&nbsp;<\/p>\n","protected":false},"excerpt":{"rendered":"Vous trouverez dans la rubrique \u00ab T\u00e9l\u00e9chargements \u00bb l&rsquo;appel \u00e0 candidatures (en langue allemande) dans l&rsquo;enseignement communal de La Calamine pour l&rsquo;ann\u00e9e scolaire 2026-2027. Les personnes int\u00e9ress\u00e9es sont pri\u00e9es d&rsquo;envoyer leur dossier de candidature au plus tard le 30 avril 2026 inclus (le cachet de la poste faisant foi) par courrier recommand\u00e9 avec accus\u00e9 de [&hellip;]","protected":false},"author":2,"featured_media":19109,"comment_status":"closed","ping_status":"closed","sticky":false,"template":"","format":"standard","meta":{"_acf_changed":false,"footnotes":""},"categories":[72],"tags":[],"class_list":["post-19108","post","type-post","status-publish","format-standard","has-post-thumbnail","hentry","category-offres-demploi"],"acf":[],"_links":{"self":[{"href":"https:\/\/www.kelmis.be\/fr\/wp-json\/wp\/v2\/posts\/19108","targetHints":{"allow":["GET"]}}],"collection":[{"href":"https:\/\/www.kelmis.be\/fr\/wp-json\/wp\/v2\/posts"}],"about":[{"href":"https:\/\/www.kelmis.be\/fr\/wp-json\/wp\/v2\/types\/post"}],"author":[{"embeddable":true,"href":"https:\/\/www.kelmis.be\/fr\/wp-json\/wp\/v2\/users\/2"}],"replies":[{"embeddable":true,"href":"https:\/\/www.kelmis.be\/fr\/wp-json\/wp\/v2\/comments?post=19108"}],"version-history":[{"count":2,"href":"https:\/\/www.kelmis.be\/fr\/wp-json\/wp\/v2\/posts\/19108\/revisions"}],"predecessor-version":[{"id":19111,"href":"https:\/\/www.kelmis.be\/fr\/wp-json\/wp\/v2\/posts\/19108\/revisions\/19111"}],"wp:featuredmedia":[{"embeddable":true,"href":"https:\/\/www.kelmis.be\/fr\/wp-json\/wp\/v2\/media\/19109"}],"wp:attachment":[{"href":"https:\/\/www.kelmis.be\/fr\/wp-json\/wp\/v2\/media?parent=19108"}],"wp:term":[{"taxonomy":"category","embeddable":true,"href":"https:\/\/www.kelmis.be\/fr\/wp-json\/wp\/v2\/categories?post=19108"},{"taxonomy":"post_tag","embeddable":true,"href":"https:\/\/www.kelmis.be\/fr\/wp-json\/wp\/v2\/tags?post=19108"}],"curies":[{"name":"wp","href":"https:\/\/api.w.org\/{rel}","templated":true}]}}