{"id":19104,"date":"2026-04-09T18:39:50","date_gmt":"2026-04-09T16:39:50","guid":{"rendered":"https:\/\/www.kelmis.be\/?p=19104"},"modified":"2026-04-09T18:39:50","modified_gmt":"2026-04-09T16:39:50","slug":"travaux-dans-la-partie-basse-de-la-rue-de-leglise-sont-termines-lundi-cest-au-tour-de-la-rue-albert","status":"publish","type":"post","link":"https:\/\/www.kelmis.be\/fr\/circulation\/travaux-dans-la-partie-basse-de-la-rue-de-leglise-sont-termines-lundi-cest-au-tour-de-la-rue-albert","title":{"rendered":"Travaux dans la partie basse de la rue de l\u2019\u00e9glise sont termin\u00e9s &#8211; Lundi, c&rsquo;est au tour de la rue Albert"},"content":{"rendered":"<p>L\u2019entreprise Bodarw\u00e9 nous a inform\u00e9s que les travaux dans la partie basse de la rue de l\u2019\u00e9glise sont termin\u00e9s.<\/p>\n<p>Cependant, la route ne sera rouverte \u00e0 la circulation que lundi, afin de permettre le s\u00e9chage de la sous-couche de goudron sous le pavage.<\/p>\n<p>Lundi matin, Bodarw\u00e9 effectuera ensuite pendant une journ\u00e9e des travaux de r\u00e9paration \ud83d\udd27 sur une portion de la rue Albert (entre le virage du Park-Caf\u00e9 et la boulangerie \/ carrefour).<\/p>\n<p>Pendant cette p\u00e9riode, ce tron\u00e7on de route sera ferm\u00e9.<\/p>\n","protected":false},"excerpt":{"rendered":"L\u2019entreprise Bodarw\u00e9 nous a inform\u00e9s que les travaux dans la partie basse de la rue de l\u2019\u00e9glise sont termin\u00e9s. Cependant, la route ne sera rouverte \u00e0 la circulation que lundi, afin de permettre le s\u00e9chage de la sous-couche de goudron sous le pavage. Lundi matin, Bodarw\u00e9 effectuera ensuite pendant une journ\u00e9e des travaux de r\u00e9paration [&hellip;]","protected":false},"author":2,"featured_media":19105,"comment_status":"closed","ping_status":"closed","sticky":false,"template":"","format":"standard","meta":{"_acf_changed":false,"footnotes":""},"categories":[74],"tags":[],"class_list":["post-19104","post","type-post","status-publish","format-standard","has-post-thumbnail","hentry","category-circulation"],"acf":[],"_links":{"self":[{"href":"https:\/\/www.kelmis.be\/fr\/wp-json\/wp\/v2\/posts\/19104","targetHints":{"allow":["GET"]}}],"collection":[{"href":"https:\/\/www.kelmis.be\/fr\/wp-json\/wp\/v2\/posts"}],"about":[{"href":"https:\/\/www.kelmis.be\/fr\/wp-json\/wp\/v2\/types\/post"}],"author":[{"embeddable":true,"href":"https:\/\/www.kelmis.be\/fr\/wp-json\/wp\/v2\/users\/2"}],"replies":[{"embeddable":true,"href":"https:\/\/www.kelmis.be\/fr\/wp-json\/wp\/v2\/comments?post=19104"}],"version-history":[{"count":1,"href":"https:\/\/www.kelmis.be\/fr\/wp-json\/wp\/v2\/posts\/19104\/revisions"}],"predecessor-version":[{"id":19106,"href":"https:\/\/www.kelmis.be\/fr\/wp-json\/wp\/v2\/posts\/19104\/revisions\/19106"}],"wp:featuredmedia":[{"embeddable":true,"href":"https:\/\/www.kelmis.be\/fr\/wp-json\/wp\/v2\/media\/19105"}],"wp:attachment":[{"href":"https:\/\/www.kelmis.be\/fr\/wp-json\/wp\/v2\/media?parent=19104"}],"wp:term":[{"taxonomy":"category","embeddable":true,"href":"https:\/\/www.kelmis.be\/fr\/wp-json\/wp\/v2\/categories?post=19104"},{"taxonomy":"post_tag","embeddable":true,"href":"https:\/\/www.kelmis.be\/fr\/wp-json\/wp\/v2\/tags?post=19104"}],"curies":[{"name":"wp","href":"https:\/\/api.w.org\/{rel}","templated":true}]}}