{"id":19080,"date":"2026-04-09T16:00:54","date_gmt":"2026-04-09T14:00:54","guid":{"rendered":"https:\/\/www.kelmis.be\/?p=19080"},"modified":"2026-04-09T16:32:07","modified_gmt":"2026-04-09T14:32:07","slug":"partie-inferieure-de-la-rue-de-leglise-fermee-a-la-circulation-des-le-7-avril","status":"publish","type":"post","link":"https:\/\/www.kelmis.be\/fr\/circulation\/partie-inferieure-de-la-rue-de-leglise-fermee-a-la-circulation-des-le-7-avril","title":{"rendered":"Travaux : Place de l&rsquo;\u00c9glise \u2013 R\u00e9sidence-services"},"content":{"rendered":"<p>Des travaux pr\u00e9paratoires auront lieu ce vendredi 10 avril, ainsi que lundi 13 avril, sur la place de l&rsquo;\u00e9glise.<\/p>\n<p>Ces interventions s&rsquo;inscrivent dans le cadre du futur chantier de la r\u00e9sidence-service. Il s&rsquo;agit de travaux pr\u00e9paratoires indispensables pour garantir le bon d\u00e9roulement des travaux de construction \u00e0 venir.<\/p>\n<p>Ces travaux n&rsquo;auront aucune incidence sur la circulation.<\/p>\n","protected":false},"excerpt":{"rendered":"Des travaux pr\u00e9paratoires auront lieu ce vendredi 10 avril, ainsi que lundi 13 avril, sur la place de l&rsquo;\u00e9glise. Ces interventions s&rsquo;inscrivent dans le cadre du futur chantier de la r\u00e9sidence-service. Il s&rsquo;agit de travaux pr\u00e9paratoires indispensables pour garantir le bon d\u00e9roulement des travaux de construction \u00e0 venir. Ces travaux n&rsquo;auront aucune incidence sur la [&hellip;]","protected":false},"author":2,"featured_media":19096,"comment_status":"closed","ping_status":"closed","sticky":false,"template":"","format":"standard","meta":{"_acf_changed":false,"footnotes":""},"categories":[74],"tags":[],"class_list":["post-19080","post","type-post","status-publish","format-standard","has-post-thumbnail","hentry","category-circulation"],"acf":[],"_links":{"self":[{"href":"https:\/\/www.kelmis.be\/fr\/wp-json\/wp\/v2\/posts\/19080","targetHints":{"allow":["GET"]}}],"collection":[{"href":"https:\/\/www.kelmis.be\/fr\/wp-json\/wp\/v2\/posts"}],"about":[{"href":"https:\/\/www.kelmis.be\/fr\/wp-json\/wp\/v2\/types\/post"}],"author":[{"embeddable":true,"href":"https:\/\/www.kelmis.be\/fr\/wp-json\/wp\/v2\/users\/2"}],"replies":[{"embeddable":true,"href":"https:\/\/www.kelmis.be\/fr\/wp-json\/wp\/v2\/comments?post=19080"}],"version-history":[{"count":4,"href":"https:\/\/www.kelmis.be\/fr\/wp-json\/wp\/v2\/posts\/19080\/revisions"}],"predecessor-version":[{"id":19098,"href":"https:\/\/www.kelmis.be\/fr\/wp-json\/wp\/v2\/posts\/19080\/revisions\/19098"}],"wp:featuredmedia":[{"embeddable":true,"href":"https:\/\/www.kelmis.be\/fr\/wp-json\/wp\/v2\/media\/19096"}],"wp:attachment":[{"href":"https:\/\/www.kelmis.be\/fr\/wp-json\/wp\/v2\/media?parent=19080"}],"wp:term":[{"taxonomy":"category","embeddable":true,"href":"https:\/\/www.kelmis.be\/fr\/wp-json\/wp\/v2\/categories?post=19080"},{"taxonomy":"post_tag","embeddable":true,"href":"https:\/\/www.kelmis.be\/fr\/wp-json\/wp\/v2\/tags?post=19080"}],"curies":[{"name":"wp","href":"https:\/\/api.w.org\/{rel}","templated":true}]}}