{"id":18967,"date":"2026-03-19T21:35:38","date_gmt":"2026-03-19T20:35:38","guid":{"rendered":"https:\/\/www.kelmis.be\/?p=18967"},"modified":"2026-03-19T21:35:38","modified_gmt":"2026-03-19T20:35:38","slug":"une-approche-internationale-renforce-la-securite-de-leau-dans-le-bassin-versant-de-la-gueule","status":"publish","type":"post","link":"https:\/\/www.kelmis.be\/fr\/depuis-la-maison-communale\/une-approche-internationale-renforce-la-securite-de-leau-dans-le-bassin-versant-de-la-gueule","title":{"rendered":"Une approche internationale renforce la s\u00e9curit\u00e9 de l&rsquo;eau dans le bassin versant de la Gueule"},"content":{"rendered":"<p>Le 3 f\u00e9vrier, les autorit\u00e9s du Limbourg n\u00e9erlandais et de la Belgique ont sign\u00e9 un accord de coop\u00e9ration pour rendre le bassin versant de la Gueule plus robuste face aux inondations. En investissant conjointement dans des mesures dans la partie belge du bassin, elles r\u00e9duisent le risque d&rsquo;inondations pour les habitants tant en Belgique qu&rsquo;au sud-Limbourg n\u00e9erlandais.<\/p>\n<p>Les inondations extr\u00eames de juillet 2021 ont montr\u00e9 que l&rsquo;eau ne conna\u00eet pas de fronti\u00e8res ; de fortes pluies ont caus\u00e9 d&rsquo;importants d\u00e9g\u00e2ts des deux c\u00f4t\u00e9s de la fronti\u00e8re. Les d\u00e9cisions et mesures prises en amont en Belgique ont un effet direct sur la s\u00e9curit\u00e9 et la r\u00e9silience face aux inondations aux Pays-Bas. C&rsquo;est pourquoi les autorit\u00e9s n\u00e9erlandaises et belges unissent leurs efforts pour mener ensemble des recherches et prendre des mesures dans la partie belge du bassin versant de la Gueule.<\/p>\n<p><strong>Travailler ensemble<\/strong><\/p>\n<p>Les autorit\u00e9s n\u00e9erlandaises et belges collaborent donc pour la recherche et les mesures dans la partie belge du bassin versant. Sept partenaires participent au projet : les communes de Plombi\u00e8res, Lontzen, La Calamine, Raeren et Welkenraedt, la Province de Li\u00e8ge et le programme Waterveiligheid en Ruimte Limburg (WRL), qui coordonne la coop\u00e9ration.<\/p>\n<p><strong>De l&rsquo;intention \u00e0 l&rsquo;ex\u00e9cution<\/strong><\/p>\n<p>La coop\u00e9ration s&rsquo;appuie sur la lettre d\u2019intention sign\u00e9e en mai 2024. Avec cette convention, les diff\u00e9rents engagements sont d\u00e9sormais formellement \u00e9tablis. En menant des recherches conjointes et en d\u00e9veloppant des mod\u00e8les hydrologiques partag\u00e9s, les mesures peuvent \u00eatre mieux coordonn\u00e9es.<\/p>\n<p><strong>Programme WRL<\/strong><\/p>\n<p>Le programme WRL a \u00e9t\u00e9 lanc\u00e9 suite aux inondations de 2021, avec l&rsquo;ambition de mieux prot\u00e9ger le Limbourg des cons\u00e9quences des pr\u00e9cipitations extr\u00eames caus\u00e9es par le changement climatique.<\/p>\n<p>&nbsp;<\/p>\n<p><strong>Consultation publique du plan MER<\/strong><\/p>\n<p>Pour structurer les d\u00e9marches futures, une note d\u2019orientation (NRD) a \u00e9t\u00e9 \u00e9labor\u00e9e. Elle d\u00e9termine quels impacts environnementaux doivent \u00eatre \u00e9tudi\u00e9s et \u00e0 quel niveau de d\u00e9tail cela doit \u00eatre fait. La NRD oriente l&rsquo;\u00e9laboration du plan d&rsquo;\u00c9valuation des Incidences sur l&rsquo;Environnement (plan MER). Une consultation publique est pr\u00e9vue entre le 20 mars et le 30 avril. Vous trouverez le document ci-dessous !<\/p>\n","protected":false},"excerpt":{"rendered":"Le 3 f\u00e9vrier, les autorit\u00e9s du Limbourg n\u00e9erlandais et de la Belgique ont sign\u00e9 un accord de coop\u00e9ration pour rendre le bassin versant de la Gueule plus robuste face aux inondations. En investissant conjointement dans des mesures dans la partie belge du bassin, elles r\u00e9duisent le risque d&rsquo;inondations pour les habitants tant en Belgique qu&rsquo;au [&hellip;]","protected":false},"author":2,"featured_media":18968,"comment_status":"closed","ping_status":"closed","sticky":false,"template":"","format":"standard","meta":{"_acf_changed":false,"footnotes":""},"categories":[71],"tags":[],"class_list":["post-18967","post","type-post","status-publish","format-standard","has-post-thumbnail","hentry","category-depuis-la-maison-communale"],"acf":[],"_links":{"self":[{"href":"https:\/\/www.kelmis.be\/fr\/wp-json\/wp\/v2\/posts\/18967","targetHints":{"allow":["GET"]}}],"collection":[{"href":"https:\/\/www.kelmis.be\/fr\/wp-json\/wp\/v2\/posts"}],"about":[{"href":"https:\/\/www.kelmis.be\/fr\/wp-json\/wp\/v2\/types\/post"}],"author":[{"embeddable":true,"href":"https:\/\/www.kelmis.be\/fr\/wp-json\/wp\/v2\/users\/2"}],"replies":[{"embeddable":true,"href":"https:\/\/www.kelmis.be\/fr\/wp-json\/wp\/v2\/comments?post=18967"}],"version-history":[{"count":1,"href":"https:\/\/www.kelmis.be\/fr\/wp-json\/wp\/v2\/posts\/18967\/revisions"}],"predecessor-version":[{"id":18969,"href":"https:\/\/www.kelmis.be\/fr\/wp-json\/wp\/v2\/posts\/18967\/revisions\/18969"}],"wp:featuredmedia":[{"embeddable":true,"href":"https:\/\/www.kelmis.be\/fr\/wp-json\/wp\/v2\/media\/18968"}],"wp:attachment":[{"href":"https:\/\/www.kelmis.be\/fr\/wp-json\/wp\/v2\/media?parent=18967"}],"wp:term":[{"taxonomy":"category","embeddable":true,"href":"https:\/\/www.kelmis.be\/fr\/wp-json\/wp\/v2\/categories?post=18967"},{"taxonomy":"post_tag","embeddable":true,"href":"https:\/\/www.kelmis.be\/fr\/wp-json\/wp\/v2\/tags?post=18967"}],"curies":[{"name":"wp","href":"https:\/\/api.w.org\/{rel}","templated":true}]}}