{"id":18952,"date":"2026-03-17T15:22:55","date_gmt":"2026-03-17T14:22:55","guid":{"rendered":"https:\/\/www.kelmis.be\/?p=18952"},"modified":"2026-03-17T15:22:55","modified_gmt":"2026-03-17T14:22:55","slug":"devenez-famille-daccueil","status":"publish","type":"post","link":"https:\/\/www.kelmis.be\/fr\/depuis-la-maison-communale\/devenez-famille-daccueil","title":{"rendered":"Devenez famille d&rsquo;accueil!"},"content":{"rendered":"<p>L\u2019asbl YFU (Youth for understanding) Bruxelles-Wallonie organise chaque ann\u00e9e des \u00e9changes interculturels pour des \u00e9l\u00e8ves du secondaire.<\/p>\n<p>L\u2019association accueille en Belgique des jeunes venus du monde entier qui viennent vivre une exp\u00e9rience scolaire et culturelle pendant plusieurs mois.<br \/>\nPour cela, YFU recherche des familles d\u2019accueil en Wallonie\u00a0pr\u00eates \u00e0 partager leur quotidien avec un jeune \u00e9tudiant.<\/p>\n<p>&nbsp;<\/p>\n<p>Plus d&rsquo;infos sur <strong><a href=\"https:\/\/yfu-belgique.be\/\">ce site<\/a><\/strong>.<\/p>\n","protected":false},"excerpt":{"rendered":"L\u2019asbl YFU (Youth for understanding) Bruxelles-Wallonie organise chaque ann\u00e9e des \u00e9changes interculturels pour des \u00e9l\u00e8ves du secondaire. L\u2019association accueille en Belgique des jeunes venus du monde entier qui viennent vivre une exp\u00e9rience scolaire et culturelle pendant plusieurs mois. Pour cela, YFU recherche des familles d\u2019accueil en Wallonie\u00a0pr\u00eates \u00e0 partager leur quotidien avec un jeune \u00e9tudiant. [&hellip;]","protected":false},"author":2,"featured_media":18953,"comment_status":"closed","ping_status":"closed","sticky":false,"template":"","format":"standard","meta":{"_acf_changed":false,"footnotes":""},"categories":[71],"tags":[],"class_list":["post-18952","post","type-post","status-publish","format-standard","has-post-thumbnail","hentry","category-depuis-la-maison-communale"],"acf":[],"_links":{"self":[{"href":"https:\/\/www.kelmis.be\/fr\/wp-json\/wp\/v2\/posts\/18952","targetHints":{"allow":["GET"]}}],"collection":[{"href":"https:\/\/www.kelmis.be\/fr\/wp-json\/wp\/v2\/posts"}],"about":[{"href":"https:\/\/www.kelmis.be\/fr\/wp-json\/wp\/v2\/types\/post"}],"author":[{"embeddable":true,"href":"https:\/\/www.kelmis.be\/fr\/wp-json\/wp\/v2\/users\/2"}],"replies":[{"embeddable":true,"href":"https:\/\/www.kelmis.be\/fr\/wp-json\/wp\/v2\/comments?post=18952"}],"version-history":[{"count":1,"href":"https:\/\/www.kelmis.be\/fr\/wp-json\/wp\/v2\/posts\/18952\/revisions"}],"predecessor-version":[{"id":18954,"href":"https:\/\/www.kelmis.be\/fr\/wp-json\/wp\/v2\/posts\/18952\/revisions\/18954"}],"wp:featuredmedia":[{"embeddable":true,"href":"https:\/\/www.kelmis.be\/fr\/wp-json\/wp\/v2\/media\/18953"}],"wp:attachment":[{"href":"https:\/\/www.kelmis.be\/fr\/wp-json\/wp\/v2\/media?parent=18952"}],"wp:term":[{"taxonomy":"category","embeddable":true,"href":"https:\/\/www.kelmis.be\/fr\/wp-json\/wp\/v2\/categories?post=18952"},{"taxonomy":"post_tag","embeddable":true,"href":"https:\/\/www.kelmis.be\/fr\/wp-json\/wp\/v2\/tags?post=18952"}],"curies":[{"name":"wp","href":"https:\/\/api.w.org\/{rel}","templated":true}]}}