{"id":18929,"date":"2026-03-16T16:19:56","date_gmt":"2026-03-16T15:19:56","guid":{"rendered":"https:\/\/www.kelmis.be\/?p=18929"},"modified":"2026-03-16T16:31:25","modified_gmt":"2026-03-16T15:31:25","slug":"conseil-communal-des-enfants-de-la-calamine-participe-au-grand-nettoyage-du-printemps","status":"publish","type":"post","link":"https:\/\/www.kelmis.be\/fr\/depuis-la-maison-communale\/conseil-communal-des-enfants-de-la-calamine-participe-au-grand-nettoyage-du-printemps","title":{"rendered":"Conseil communal des enfants de La Calamine participe au grand nettoyage du printemps"},"content":{"rendered":"<p>Le Conseil communal des enfants de La Calamine organise la semaine prochaine une grande op\u00e9ration de ramassage des d\u00e9chets sur le territoire communal. C&rsquo;est ce qu&rsquo;ont d\u00e9cid\u00e9 les enfants et leurs accompagnatrices, les \u00e9chevines Sandy Nyssen et Nadine Rotheudt, lors de la derni\u00e8re r\u00e9union du Conseil communal des enfants, dans le cadre de l&rsquo;op\u00e9ration \u00ab Grand nettoyage de printemps dans la commune \u00bb. Ceux qui souhaitent participer peuvent s\u2019inscrire, individuellement ou en \u00e9quipe, sur bewapp.be.<\/p>\n<p>Lors de la derni\u00e8re r\u00e9union des jeunes politiciens, la \u00ab Journ\u00e9e de la langue maternelle \u00bb \u00e9tait au centre des discussions. \u00ab Le 21 f\u00e9vrier nous rappelle l\u2019importance de la diversit\u00e9 linguistique et culturelle ainsi que du multilinguisme pour notre soci\u00e9t\u00e9 \u00bb, ont expliqu\u00e9 Sandy Nyssen et Nadine Rotheudt. En collaboration avec la charg\u00e9e communale de l\u2019int\u00e9gration, Adina Seres, des affiches int\u00e9ressantes ont \u00e9t\u00e9 r\u00e9alis\u00e9es sur ce th\u00e8me. Elles peuvent \u00eatre admir\u00e9es dans les trois \u00e9coles primaires de la commune (La Calamine, Hergenrath et l\u2019ath\u00e9n\u00e9e C\u00e9sar Franck). \u00ab Cette initiative a montr\u00e9 \u00e0 quel point nos petits mandataires sont diversifi\u00e9s et dou\u00e9s pour les langues. Outre les langues maternelles que sont l\u2019allemand et le fran\u00e7ais, on y parle \u00e9galement le n\u00e9erlandais, le russe, l\u2019albanais, l\u2019arabe, le persan et l\u2019anglais. Un beau rappel que la diversit\u00e9 enrichit notre commune \u00bb, ont d\u00e9clar\u00e9 les deux \u00e9chevines.<\/p>\n","protected":false},"excerpt":{"rendered":"Le Conseil communal des enfants de La Calamine organise la semaine prochaine une grande op\u00e9ration de ramassage des d\u00e9chets sur le territoire communal. C&rsquo;est ce qu&rsquo;ont d\u00e9cid\u00e9 les enfants et leurs accompagnatrices, les \u00e9chevines Sandy Nyssen et Nadine Rotheudt, lors de la derni\u00e8re r\u00e9union du Conseil communal des enfants, dans le cadre de l&rsquo;op\u00e9ration \u00ab [&hellip;]","protected":false},"author":2,"featured_media":18930,"comment_status":"closed","ping_status":"closed","sticky":false,"template":"","format":"standard","meta":{"_acf_changed":false,"footnotes":""},"categories":[71],"tags":[],"class_list":["post-18929","post","type-post","status-publish","format-standard","has-post-thumbnail","hentry","category-depuis-la-maison-communale"],"acf":[],"_links":{"self":[{"href":"https:\/\/www.kelmis.be\/fr\/wp-json\/wp\/v2\/posts\/18929","targetHints":{"allow":["GET"]}}],"collection":[{"href":"https:\/\/www.kelmis.be\/fr\/wp-json\/wp\/v2\/posts"}],"about":[{"href":"https:\/\/www.kelmis.be\/fr\/wp-json\/wp\/v2\/types\/post"}],"author":[{"embeddable":true,"href":"https:\/\/www.kelmis.be\/fr\/wp-json\/wp\/v2\/users\/2"}],"replies":[{"embeddable":true,"href":"https:\/\/www.kelmis.be\/fr\/wp-json\/wp\/v2\/comments?post=18929"}],"version-history":[{"count":1,"href":"https:\/\/www.kelmis.be\/fr\/wp-json\/wp\/v2\/posts\/18929\/revisions"}],"predecessor-version":[{"id":18940,"href":"https:\/\/www.kelmis.be\/fr\/wp-json\/wp\/v2\/posts\/18929\/revisions\/18940"}],"wp:featuredmedia":[{"embeddable":true,"href":"https:\/\/www.kelmis.be\/fr\/wp-json\/wp\/v2\/media\/18930"}],"wp:attachment":[{"href":"https:\/\/www.kelmis.be\/fr\/wp-json\/wp\/v2\/media?parent=18929"}],"wp:term":[{"taxonomy":"category","embeddable":true,"href":"https:\/\/www.kelmis.be\/fr\/wp-json\/wp\/v2\/categories?post=18929"},{"taxonomy":"post_tag","embeddable":true,"href":"https:\/\/www.kelmis.be\/fr\/wp-json\/wp\/v2\/tags?post=18929"}],"curies":[{"name":"wp","href":"https:\/\/api.w.org\/{rel}","templated":true}]}}