{"id":18878,"date":"2026-03-12T16:41:02","date_gmt":"2026-03-12T15:41:02","guid":{"rendered":"https:\/\/www.kelmis.be\/?p=18878"},"modified":"2026-03-12T16:55:01","modified_gmt":"2026-03-12T15:55:01","slug":"de-lanimation-a-la-piscine-communale-le-week-end-de-paques","status":"publish","type":"post","link":"https:\/\/www.kelmis.be\/fr\/evenement\/de-lanimation-a-la-piscine-communale-le-week-end-de-paques","title":{"rendered":"De l&rsquo;animation \u00e0 la piscine communale le week-end de P\u00e2ques"},"content":{"rendered":"<p>Trois \u00e9v\u00e9nements int\u00e9ressants (dans le cadre du Aqua Festival) auront lieu pendant le week-end de P\u00e2ques (les 3, 4 et 5 avril) \u00e0 la piscine communale.<\/p>\n<p><strong>Vendredi 3 avril<\/strong><\/p>\n<p>Aquadisco de 18 h \u00e0 minuit. Des petits plats (salades, plateaux de charcuterie et de fromages, etc.) et des boissons (alcoolis\u00e9es ou non) seront propos\u00e9s.<\/p>\n<p>La piscine dispose d\u00e9sormais d&rsquo;un snack-bar dans la salle d&rsquo;attente, qui sera ouvert ces jours-l\u00e0 ainsi que pendant les heures d&rsquo;ouverture habituelles.<\/p>\n<p><strong>Samedi 4 avril<\/strong><\/p>\n<p>Comp\u00e9titions pour les nageurs et nageuses non licenci\u00e9s, \u00e2g\u00e9s de 6 \u00e0 16 ans, sur 25, 50 et 100 m\u00e8tres.<\/p>\n<p>De 10 h \u00e0 16 h<\/p>\n<p><strong>Dimanche 5 avril<\/strong><\/p>\n<p>Journ\u00e9e familiale avec jeux, cours d&rsquo;initiation \u00e0 l&rsquo;aquagym, etc.<\/p>\n<p>De 10 h \u00e0 17 h<\/p>\n<p>Les nageurs et nageuses disposent d\u00e9sormais de deux cabines collectives suppl\u00e9mentaires. Le nombre de cabines est pass\u00e9 de quatre \u00e0 six.<\/p>\n<p>Toutes les informations sur <strong><a href=\"https:\/\/www.galmeibad.be\">ce site web<\/a><\/strong>.<\/p>\n<p>&nbsp;<\/p>\n<p>&nbsp;<\/p>\n<p>&nbsp;<\/p>\n","protected":false},"excerpt":{"rendered":"Trois \u00e9v\u00e9nements int\u00e9ressants (dans le cadre du Aqua Festival) auront lieu pendant le week-end de P\u00e2ques (les 3, 4 et 5 avril) \u00e0 la piscine communale. Vendredi 3 avril Aquadisco de 18 h \u00e0 minuit. Des petits plats (salades, plateaux de charcuterie et de fromages, etc.) et des boissons (alcoolis\u00e9es ou non) seront propos\u00e9s. La [&hellip;]","protected":false},"author":2,"featured_media":18879,"comment_status":"closed","ping_status":"closed","sticky":false,"template":"","format":"standard","meta":{"_acf_changed":false,"footnotes":""},"categories":[73],"tags":[],"class_list":["post-18878","post","type-post","status-publish","format-standard","has-post-thumbnail","hentry","category-evenement"],"acf":[],"_links":{"self":[{"href":"https:\/\/www.kelmis.be\/fr\/wp-json\/wp\/v2\/posts\/18878","targetHints":{"allow":["GET"]}}],"collection":[{"href":"https:\/\/www.kelmis.be\/fr\/wp-json\/wp\/v2\/posts"}],"about":[{"href":"https:\/\/www.kelmis.be\/fr\/wp-json\/wp\/v2\/types\/post"}],"author":[{"embeddable":true,"href":"https:\/\/www.kelmis.be\/fr\/wp-json\/wp\/v2\/users\/2"}],"replies":[{"embeddable":true,"href":"https:\/\/www.kelmis.be\/fr\/wp-json\/wp\/v2\/comments?post=18878"}],"version-history":[{"count":2,"href":"https:\/\/www.kelmis.be\/fr\/wp-json\/wp\/v2\/posts\/18878\/revisions"}],"predecessor-version":[{"id":18885,"href":"https:\/\/www.kelmis.be\/fr\/wp-json\/wp\/v2\/posts\/18878\/revisions\/18885"}],"wp:featuredmedia":[{"embeddable":true,"href":"https:\/\/www.kelmis.be\/fr\/wp-json\/wp\/v2\/media\/18879"}],"wp:attachment":[{"href":"https:\/\/www.kelmis.be\/fr\/wp-json\/wp\/v2\/media?parent=18878"}],"wp:term":[{"taxonomy":"category","embeddable":true,"href":"https:\/\/www.kelmis.be\/fr\/wp-json\/wp\/v2\/categories?post=18878"},{"taxonomy":"post_tag","embeddable":true,"href":"https:\/\/www.kelmis.be\/fr\/wp-json\/wp\/v2\/tags?post=18878"}],"curies":[{"name":"wp","href":"https:\/\/api.w.org\/{rel}","templated":true}]}}