{"id":18865,"date":"2026-03-12T13:59:35","date_gmt":"2026-03-12T12:59:35","guid":{"rendered":"https:\/\/www.kelmis.be\/?p=18865"},"modified":"2026-03-12T13:59:49","modified_gmt":"2026-03-12T12:59:49","slug":"demande-de-projet-dassainissement-de-lancienne-station-service-bp","status":"publish","type":"post","link":"https:\/\/www.kelmis.be\/fr\/depuis-la-maison-communale\/demande-de-projet-dassainissement-de-lancienne-station-service-bp","title":{"rendered":"Demande de projet d\u2019assainissement de l&rsquo;ancienne station-service BP"},"content":{"rendered":"<p>Le coll\u00e8ge communal fait savoir qu\u2019en vertu du D\u00e9cret relatif \u00e0 la gestion et \u00e0 l\u2019assainissement des sols, le Service public de Wallonie \u2013 Direction de l\u2019Assainissement des Sols est saisi d\u2019une demande de projet d\u2019assainissement.<\/p>\n<p>Cette demande est introduite par Tychon Fr\u00e8res SPRL, Rue de Li\u00e8ge 275, 4721 La Calamine. Le terrain concern\u00e9 est situ\u00e9 : Rue de Li\u00e8ge 259 \u00e0 4721 Neu-Moresnet (ancienne station-service BP).<\/p>\n<p>Pour les consultations du dossier, consultez la zone de t\u00e9l\u00e9chargement.<\/p>\n","protected":false},"excerpt":{"rendered":"Le coll\u00e8ge communal fait savoir qu\u2019en vertu du D\u00e9cret relatif \u00e0 la gestion et \u00e0 l\u2019assainissement des sols, le Service public de Wallonie \u2013 Direction de l\u2019Assainissement des Sols est saisi d\u2019une demande de projet d\u2019assainissement. Cette demande est introduite par Tychon Fr\u00e8res SPRL, Rue de Li\u00e8ge 275, 4721 La Calamine. Le terrain concern\u00e9 est [&hellip;]","protected":false},"author":2,"featured_media":18798,"comment_status":"closed","ping_status":"closed","sticky":false,"template":"","format":"standard","meta":{"_acf_changed":false,"footnotes":""},"categories":[71],"tags":[],"class_list":["post-18865","post","type-post","status-publish","format-standard","has-post-thumbnail","hentry","category-depuis-la-maison-communale"],"acf":[],"_links":{"self":[{"href":"https:\/\/www.kelmis.be\/fr\/wp-json\/wp\/v2\/posts\/18865","targetHints":{"allow":["GET"]}}],"collection":[{"href":"https:\/\/www.kelmis.be\/fr\/wp-json\/wp\/v2\/posts"}],"about":[{"href":"https:\/\/www.kelmis.be\/fr\/wp-json\/wp\/v2\/types\/post"}],"author":[{"embeddable":true,"href":"https:\/\/www.kelmis.be\/fr\/wp-json\/wp\/v2\/users\/2"}],"replies":[{"embeddable":true,"href":"https:\/\/www.kelmis.be\/fr\/wp-json\/wp\/v2\/comments?post=18865"}],"version-history":[{"count":1,"href":"https:\/\/www.kelmis.be\/fr\/wp-json\/wp\/v2\/posts\/18865\/revisions"}],"predecessor-version":[{"id":18866,"href":"https:\/\/www.kelmis.be\/fr\/wp-json\/wp\/v2\/posts\/18865\/revisions\/18866"}],"wp:featuredmedia":[{"embeddable":true,"href":"https:\/\/www.kelmis.be\/fr\/wp-json\/wp\/v2\/media\/18798"}],"wp:attachment":[{"href":"https:\/\/www.kelmis.be\/fr\/wp-json\/wp\/v2\/media?parent=18865"}],"wp:term":[{"taxonomy":"category","embeddable":true,"href":"https:\/\/www.kelmis.be\/fr\/wp-json\/wp\/v2\/categories?post=18865"},{"taxonomy":"post_tag","embeddable":true,"href":"https:\/\/www.kelmis.be\/fr\/wp-json\/wp\/v2\/tags?post=18865"}],"curies":[{"name":"wp","href":"https:\/\/api.w.org\/{rel}","templated":true}]}}