{"id":18861,"date":"2026-03-12T11:55:20","date_gmt":"2026-03-12T10:55:20","guid":{"rendered":"https:\/\/www.kelmis.be\/?p=18861"},"modified":"2026-03-12T11:55:20","modified_gmt":"2026-03-12T10:55:20","slug":"transformation-dun-ancien-grand-magasin-en-salle-de-fete-permis-refuse","status":"publish","type":"post","link":"https:\/\/www.kelmis.be\/fr\/depuis-la-maison-communale\/transformation-dun-ancien-grand-magasin-en-salle-de-fete-permis-refuse","title":{"rendered":"Transformation d&rsquo;un ancien grand magasin en salle de f\u00eate : permis refus\u00e9"},"content":{"rendered":"<p>La demande de permis d\u2019environnement pour la transformation d&rsquo;un ancien grand magasin en salle de f\u00eate pouvant accueillir jusqu&rsquo;\u00e0 500 personnes (rue de Li\u00e8ge 249 \u00e0 4720 La Calamine) a \u00e9t\u00e9 rejet\u00e9e par le coll\u00e8ge communal.<\/p>\n<p>Pour plus d&rsquo;informations, consultez la rubrique T\u00e9l\u00e9chargements.<\/p>\n","protected":false},"excerpt":{"rendered":"La demande de permis d\u2019environnement pour la transformation d&rsquo;un ancien grand magasin en salle de f\u00eate pouvant accueillir jusqu&rsquo;\u00e0 500 personnes (rue de Li\u00e8ge 249 \u00e0 4720 La Calamine) a \u00e9t\u00e9 rejet\u00e9e par le coll\u00e8ge communal. Pour plus d&rsquo;informations, consultez la rubrique T\u00e9l\u00e9chargements.","protected":false},"author":2,"featured_media":18798,"comment_status":"closed","ping_status":"closed","sticky":false,"template":"","format":"standard","meta":{"_acf_changed":false,"footnotes":""},"categories":[71],"tags":[],"class_list":["post-18861","post","type-post","status-publish","format-standard","has-post-thumbnail","hentry","category-depuis-la-maison-communale"],"acf":[],"_links":{"self":[{"href":"https:\/\/www.kelmis.be\/fr\/wp-json\/wp\/v2\/posts\/18861","targetHints":{"allow":["GET"]}}],"collection":[{"href":"https:\/\/www.kelmis.be\/fr\/wp-json\/wp\/v2\/posts"}],"about":[{"href":"https:\/\/www.kelmis.be\/fr\/wp-json\/wp\/v2\/types\/post"}],"author":[{"embeddable":true,"href":"https:\/\/www.kelmis.be\/fr\/wp-json\/wp\/v2\/users\/2"}],"replies":[{"embeddable":true,"href":"https:\/\/www.kelmis.be\/fr\/wp-json\/wp\/v2\/comments?post=18861"}],"version-history":[{"count":1,"href":"https:\/\/www.kelmis.be\/fr\/wp-json\/wp\/v2\/posts\/18861\/revisions"}],"predecessor-version":[{"id":18862,"href":"https:\/\/www.kelmis.be\/fr\/wp-json\/wp\/v2\/posts\/18861\/revisions\/18862"}],"wp:featuredmedia":[{"embeddable":true,"href":"https:\/\/www.kelmis.be\/fr\/wp-json\/wp\/v2\/media\/18798"}],"wp:attachment":[{"href":"https:\/\/www.kelmis.be\/fr\/wp-json\/wp\/v2\/media?parent=18861"}],"wp:term":[{"taxonomy":"category","embeddable":true,"href":"https:\/\/www.kelmis.be\/fr\/wp-json\/wp\/v2\/categories?post=18861"},{"taxonomy":"post_tag","embeddable":true,"href":"https:\/\/www.kelmis.be\/fr\/wp-json\/wp\/v2\/tags?post=18861"}],"curies":[{"name":"wp","href":"https:\/\/api.w.org\/{rel}","templated":true}]}}