{"id":18851,"date":"2026-03-11T09:40:25","date_gmt":"2026-03-11T08:40:25","guid":{"rendered":"https:\/\/www.kelmis.be\/?p=18851"},"modified":"2026-03-11T09:40:40","modified_gmt":"2026-03-11T08:40:40","slug":"recyparc-ferme-ce-jeudi-12-mars-en-raison-dune-greve","status":"publish","type":"post","link":"https:\/\/www.kelmis.be\/fr\/depuis-la-maison-communale\/recyparc-ferme-ce-jeudi-12-mars-en-raison-dune-greve","title":{"rendered":"Recyparc ferm\u00e9 ce jeudi, 12 mars, en raison d&rsquo;une gr\u00e8ve"},"content":{"rendered":"<p>L&rsquo;intercommunale Intradel nous informe que 39 de ses recyparcs, dont celui situ\u00e9 rue de Li\u00e8ge, seront inaccessibles jeudi, 12 mars, en raison d&rsquo;une gr\u00e8ve.<\/p>\n","protected":false},"excerpt":{"rendered":"L&rsquo;intercommunale Intradel nous informe que 39 de ses recyparcs, dont celui situ\u00e9 rue de Li\u00e8ge, seront inaccessibles jeudi, 12 mars, en raison d&rsquo;une gr\u00e8ve.","protected":false},"author":2,"featured_media":18761,"comment_status":"closed","ping_status":"closed","sticky":false,"template":"","format":"standard","meta":{"_acf_changed":false,"footnotes":""},"categories":[71],"tags":[],"class_list":["post-18851","post","type-post","status-publish","format-standard","has-post-thumbnail","hentry","category-depuis-la-maison-communale"],"acf":[],"_links":{"self":[{"href":"https:\/\/www.kelmis.be\/fr\/wp-json\/wp\/v2\/posts\/18851","targetHints":{"allow":["GET"]}}],"collection":[{"href":"https:\/\/www.kelmis.be\/fr\/wp-json\/wp\/v2\/posts"}],"about":[{"href":"https:\/\/www.kelmis.be\/fr\/wp-json\/wp\/v2\/types\/post"}],"author":[{"embeddable":true,"href":"https:\/\/www.kelmis.be\/fr\/wp-json\/wp\/v2\/users\/2"}],"replies":[{"embeddable":true,"href":"https:\/\/www.kelmis.be\/fr\/wp-json\/wp\/v2\/comments?post=18851"}],"version-history":[{"count":2,"href":"https:\/\/www.kelmis.be\/fr\/wp-json\/wp\/v2\/posts\/18851\/revisions"}],"predecessor-version":[{"id":18853,"href":"https:\/\/www.kelmis.be\/fr\/wp-json\/wp\/v2\/posts\/18851\/revisions\/18853"}],"wp:featuredmedia":[{"embeddable":true,"href":"https:\/\/www.kelmis.be\/fr\/wp-json\/wp\/v2\/media\/18761"}],"wp:attachment":[{"href":"https:\/\/www.kelmis.be\/fr\/wp-json\/wp\/v2\/media?parent=18851"}],"wp:term":[{"taxonomy":"category","embeddable":true,"href":"https:\/\/www.kelmis.be\/fr\/wp-json\/wp\/v2\/categories?post=18851"},{"taxonomy":"post_tag","embeddable":true,"href":"https:\/\/www.kelmis.be\/fr\/wp-json\/wp\/v2\/tags?post=18851"}],"curies":[{"name":"wp","href":"https:\/\/api.w.org\/{rel}","templated":true}]}}