{"id":18846,"date":"2026-03-10T16:43:58","date_gmt":"2026-03-10T15:43:58","guid":{"rendered":"https:\/\/www.kelmis.be\/?p=18846"},"modified":"2026-03-10T16:43:58","modified_gmt":"2026-03-10T15:43:58","slug":"reunion-dinformation-sur-les-frelons-asiatiques-au-patronage-le-16-mars","status":"publish","type":"post","link":"https:\/\/www.kelmis.be\/fr\/evenement\/reunion-dinformation-sur-les-frelons-asiatiques-au-patronage-le-16-mars","title":{"rendered":"R\u00e9union d&rsquo;information sur les \u00ab frelons asiatiques \u00bb au Patronage le 16 mars"},"content":{"rendered":"<p>Lundi prochain, \u00e0 19 heures, une r\u00e9union d&rsquo;information int\u00e9ressante sur le th\u00e8me des \u00ab frelons asiatiques \u00bb aura lieu au Patronage. Cet \u00e9v\u00e9nement s&rsquo;adresse \u00e0 tous les citoyens int\u00e9ress\u00e9s du nord de la Communaut\u00e9 germanophone. Au cours de cette soir\u00e9e, la strat\u00e9gie \u00e0 adopter contre les frelons asiatiques sera expliqu\u00e9e aux citoyens et citoyennes. La soir\u00e9e sera anim\u00e9e par des pompiers et des apiculteurs qui connaissent tr\u00e8s bien ce domaine.<\/p>\n<p>Vous \u00eates tous et toutes cordialement invit\u00e9s.<\/p>\n<p>Important : aucun pi\u00e8ge \u00e0 frelons ne sera distribu\u00e9 lors de cette soir\u00e9e, car le stock actuel est \u00e9puis\u00e9.<\/p>\n","protected":false},"excerpt":{"rendered":"Lundi prochain, \u00e0 19 heures, une r\u00e9union d&rsquo;information int\u00e9ressante sur le th\u00e8me des \u00ab frelons asiatiques \u00bb aura lieu au Patronage. Cet \u00e9v\u00e9nement s&rsquo;adresse \u00e0 tous les citoyens int\u00e9ress\u00e9s du nord de la Communaut\u00e9 germanophone. Au cours de cette soir\u00e9e, la strat\u00e9gie \u00e0 adopter contre les frelons asiatiques sera expliqu\u00e9e aux citoyens et citoyennes. La [&hellip;]","protected":false},"author":2,"featured_media":18847,"comment_status":"closed","ping_status":"closed","sticky":false,"template":"","format":"standard","meta":{"_acf_changed":false,"footnotes":""},"categories":[73],"tags":[],"class_list":["post-18846","post","type-post","status-publish","format-standard","has-post-thumbnail","hentry","category-evenement"],"acf":[],"_links":{"self":[{"href":"https:\/\/www.kelmis.be\/fr\/wp-json\/wp\/v2\/posts\/18846","targetHints":{"allow":["GET"]}}],"collection":[{"href":"https:\/\/www.kelmis.be\/fr\/wp-json\/wp\/v2\/posts"}],"about":[{"href":"https:\/\/www.kelmis.be\/fr\/wp-json\/wp\/v2\/types\/post"}],"author":[{"embeddable":true,"href":"https:\/\/www.kelmis.be\/fr\/wp-json\/wp\/v2\/users\/2"}],"replies":[{"embeddable":true,"href":"https:\/\/www.kelmis.be\/fr\/wp-json\/wp\/v2\/comments?post=18846"}],"version-history":[{"count":1,"href":"https:\/\/www.kelmis.be\/fr\/wp-json\/wp\/v2\/posts\/18846\/revisions"}],"predecessor-version":[{"id":18848,"href":"https:\/\/www.kelmis.be\/fr\/wp-json\/wp\/v2\/posts\/18846\/revisions\/18848"}],"wp:featuredmedia":[{"embeddable":true,"href":"https:\/\/www.kelmis.be\/fr\/wp-json\/wp\/v2\/media\/18847"}],"wp:attachment":[{"href":"https:\/\/www.kelmis.be\/fr\/wp-json\/wp\/v2\/media?parent=18846"}],"wp:term":[{"taxonomy":"category","embeddable":true,"href":"https:\/\/www.kelmis.be\/fr\/wp-json\/wp\/v2\/categories?post=18846"},{"taxonomy":"post_tag","embeddable":true,"href":"https:\/\/www.kelmis.be\/fr\/wp-json\/wp\/v2\/tags?post=18846"}],"curies":[{"name":"wp","href":"https:\/\/api.w.org\/{rel}","templated":true}]}}