{"id":18831,"date":"2026-03-10T14:15:24","date_gmt":"2026-03-10T13:15:24","guid":{"rendered":"https:\/\/www.kelmis.be\/?p=18831"},"modified":"2026-03-10T14:33:32","modified_gmt":"2026-03-10T13:33:32","slug":"ou-se-trouvent-les-defibrillateurs-dans-notre-commune","status":"publish","type":"post","link":"https:\/\/www.kelmis.be\/fr\/depuis-la-maison-communale\/ou-se-trouvent-les-defibrillateurs-dans-notre-commune","title":{"rendered":"O\u00f9 se trouvent les d\u00e9fibrillateurs dans notre commune?"},"content":{"rendered":"<p>\u2764\ufe0f Les d\u00e9fibrillateurs sont vitaux en cas d&rsquo;arr\u00eat cardiaque soudain et constituent souvent le seul moyen de sauver la vie de la personne concern\u00e9e.<\/p>\n<p>\ud83d\udccd La commune de La Calamine compte actuellement 14 emplacements \u00e9quip\u00e9s de d\u00e9fibrillateurs :<\/p>\n<p>\ud83c\udff9 Centre de tir Heidkopf (\u00e0 l&rsquo;ext\u00e9rieur)<br \/>\n\ud83c\udfdb\ufe0f Maison de la culture \u00e0 Hergenrath (\u00e0 l&rsquo;ext\u00e9rieur)<br \/>\n\ud83c\udfaf Terrains de p\u00e9tanque (\u00e0 l&rsquo;ext\u00e9rieur)<br \/>\n\ud83c\udfca Piscine communale (\u00e0 l&rsquo;int\u00e9rieur)<br \/>\n\ud83c\udfdf\ufe0f Centre sportif (\u00e0 l&rsquo;int\u00e9rieur)<br \/>\n\ud83c\udfe0 Patronage (\u00e0 l&rsquo;int\u00e9rieur)<br \/>\n\u26ea \u00c9glise paroissiale Notre-Dame de l\u2019Assomption (\u00e0 l&rsquo;int\u00e9rieur)<br \/>\n\u26bd Stade Prince Philippe (\u00e0 l&rsquo;int\u00e9rieur)<br \/>\n\ud83c\udfeb \u00c9coles communales de La Calamine et Hergenrath (\u00e0 l&rsquo;int\u00e9rieur)<br \/>\n\ud83c\udfbe Salles de tennis (\u00e0 l&rsquo;int\u00e9rieur)<br \/>\n\ud83c\udfbe Club de tennis (\u00e0 l&rsquo;int\u00e9rieur)<br \/>\n\ud83c\udfe2 Select (\u00e0 l&rsquo;int\u00e9rieur)<br \/>\n\ud83c\udfe8 Park H\u00f4tel (\u00e0 l&rsquo;int\u00e9rieur)<\/p>\n<p>\ud83d\udca1 Bon \u00e0 savoir :<br \/>\n\ud83d\udcf1 Vous pouvez t\u00e9l\u00e9charger <strong><a href=\"http:\/\/\ud83d\udd17 https:\/\/openaedmap.org\/de\/#map=3\/47.91\/38.06\">une application<\/a><\/strong> qui r\u00e9pertorie tous les d\u00e9fibrillateurs disponibles en Europe.<\/p>\n","protected":false},"excerpt":{"rendered":"\u2764\ufe0f Les d\u00e9fibrillateurs sont vitaux en cas d&rsquo;arr\u00eat cardiaque soudain et constituent souvent le seul moyen de sauver la vie de la personne concern\u00e9e. \ud83d\udccd La commune de La Calamine compte actuellement 14 emplacements \u00e9quip\u00e9s de d\u00e9fibrillateurs : \ud83c\udff9 Centre de tir Heidkopf (\u00e0 l&rsquo;ext\u00e9rieur) \ud83c\udfdb\ufe0f Maison de la culture \u00e0 Hergenrath (\u00e0 l&rsquo;ext\u00e9rieur) \ud83c\udfaf [&hellip;]","protected":false},"author":2,"featured_media":18832,"comment_status":"closed","ping_status":"closed","sticky":false,"template":"","format":"standard","meta":{"_acf_changed":false,"footnotes":""},"categories":[71],"tags":[],"class_list":["post-18831","post","type-post","status-publish","format-standard","has-post-thumbnail","hentry","category-depuis-la-maison-communale"],"acf":[],"_links":{"self":[{"href":"https:\/\/www.kelmis.be\/fr\/wp-json\/wp\/v2\/posts\/18831","targetHints":{"allow":["GET"]}}],"collection":[{"href":"https:\/\/www.kelmis.be\/fr\/wp-json\/wp\/v2\/posts"}],"about":[{"href":"https:\/\/www.kelmis.be\/fr\/wp-json\/wp\/v2\/types\/post"}],"author":[{"embeddable":true,"href":"https:\/\/www.kelmis.be\/fr\/wp-json\/wp\/v2\/users\/2"}],"replies":[{"embeddable":true,"href":"https:\/\/www.kelmis.be\/fr\/wp-json\/wp\/v2\/comments?post=18831"}],"version-history":[{"count":1,"href":"https:\/\/www.kelmis.be\/fr\/wp-json\/wp\/v2\/posts\/18831\/revisions"}],"predecessor-version":[{"id":18836,"href":"https:\/\/www.kelmis.be\/fr\/wp-json\/wp\/v2\/posts\/18831\/revisions\/18836"}],"wp:featuredmedia":[{"embeddable":true,"href":"https:\/\/www.kelmis.be\/fr\/wp-json\/wp\/v2\/media\/18832"}],"wp:attachment":[{"href":"https:\/\/www.kelmis.be\/fr\/wp-json\/wp\/v2\/media?parent=18831"}],"wp:term":[{"taxonomy":"category","embeddable":true,"href":"https:\/\/www.kelmis.be\/fr\/wp-json\/wp\/v2\/categories?post=18831"},{"taxonomy":"post_tag","embeddable":true,"href":"https:\/\/www.kelmis.be\/fr\/wp-json\/wp\/v2\/tags?post=18831"}],"curies":[{"name":"wp","href":"https:\/\/api.w.org\/{rel}","templated":true}]}}