{"id":18813,"date":"2026-03-09T11:14:31","date_gmt":"2026-03-09T10:14:31","guid":{"rendered":"https:\/\/www.kelmis.be\/?p=18813"},"modified":"2026-03-09T11:22:09","modified_gmt":"2026-03-09T10:22:09","slug":"journees-wallonnes-de-leau-randonnee-guidee-le-15-mars-a-letang-du-casino","status":"publish","type":"post","link":"https:\/\/www.kelmis.be\/fr\/evenement\/journees-wallonnes-de-leau-randonnee-guidee-le-15-mars-a-letang-du-casino","title":{"rendered":"Journ\u00e9es wallonnes de l\u2019eau : randonn\u00e9e guid\u00e9e le 15 mars \u00e0 l&rsquo;\u00e9tang du Casino"},"content":{"rendered":"<p><span style=\"font-size: 13.5pt; color: black;\">Dans le cadre des Journ\u00e9es wallonnes de l\u2019eau, une randonn\u00e9e guid\u00e9e (en fran\u00e7ais et en allemand) d&rsquo;environ 3,7 km aura lieu le 15 mars \u00e0 14 heures \u00e0 La Calamine. L&rsquo;histoire de l&rsquo;\u00e9tang du Casino, de la r\u00e9serve naturelle d&rsquo;Altenberg et du pass\u00e9 minier de la r\u00e9gion sera abord\u00e9e en lien avec son impact sur les ressources en eau. Le parcours \u00e0 travers les prairies p\u00e2tur\u00e9es permettra ensuite de pr\u00e9senter des solutions agricoles qui contribuent \u00e0 la protection contre les inondations et am\u00e9liorent la r\u00e9silience climatique de la r\u00e9gion.<\/span><\/p>\n<p><span style=\"font-size: 13.5pt; color: black;\">Lieu de rendez-vous : acc\u00e8s \u00e0 l&rsquo;\u00e9tang du Casino, c\u00f4t\u00e9 route de Li\u00e8ge, La Calamine.<\/span><\/p>\n<p><span style=\"font-size: 13.5pt; color: black;\">Dur\u00e9e : 2 heures.<\/span><\/p>\n<p><span style=\"font-size: 13.5pt; color: black;\">Guides : Julie Linden, chef de projet chez Agra-Ost, et Didier Bonni, conservateur de la r\u00e9serve naturelle de l&rsquo;Altenberg.<\/span><\/p>\n<p><span style=\"font-size: 13.5pt; color: black;\">Adapt\u00e9 aux personnes \u00e0 mobilit\u00e9 r\u00e9duite : non.<\/span><\/p>\n<p><span style=\"font-size: 13.5pt; color: black;\">\u00c0 pr\u00e9voir : v\u00eatements adapt\u00e9s \u00e0 la m\u00e9t\u00e9o et chaussures robustes.<\/span><\/p>\n<p><span style=\"font-size: 13.5pt; color: black;\">Organisation : Parc naturel Hautes Fagnes \u2013 Eifel dans le cadre du projet LEADER \u00ab Agriculture et eau \u00bb, en collaboration avec le contrat de rivi\u00e8re \u00ab Meuse Aval et affluents \u00bb et son comit\u00e9 local Gueule dans le cadre des \u00ab Journ\u00e9es Wallonnes de l&rsquo;Eau 2026 \u00bb.<\/span><\/p>\n<p><span style=\"font-size: 13.5pt; color: black;\">Informations : stephane.califice@botrange.be<\/span><\/p>\n<p><span style=\"font-size: 13.5pt; color: black;\">R\u00e9servation obligatoire,<\/span><\/p>\n<p><span style=\"font-size: 13.5pt; color: black;\">inscription via ce <strong><a href=\"https:\/\/botrange.be\/agenda\/balade-guidee-la-gueule-memoire-dhier-nature-daujourdhui\/\">lien\u00a0<\/a><\/strong><\/span><\/p>\n<p>&nbsp;<\/p>\n","protected":false},"excerpt":{"rendered":"Dans le cadre des Journ\u00e9es wallonnes de l\u2019eau, une randonn\u00e9e guid\u00e9e (en fran\u00e7ais et en allemand) d&rsquo;environ 3,7 km aura lieu le 15 mars \u00e0 14 heures \u00e0 La Calamine. L&rsquo;histoire de l&rsquo;\u00e9tang du Casino, de la r\u00e9serve naturelle d&rsquo;Altenberg et du pass\u00e9 minier de la r\u00e9gion sera abord\u00e9e en lien avec son impact sur [&hellip;]","protected":false},"author":2,"featured_media":18814,"comment_status":"closed","ping_status":"closed","sticky":false,"template":"","format":"standard","meta":{"_acf_changed":false,"footnotes":""},"categories":[73],"tags":[],"class_list":["post-18813","post","type-post","status-publish","format-standard","has-post-thumbnail","hentry","category-evenement"],"acf":[],"_links":{"self":[{"href":"https:\/\/www.kelmis.be\/fr\/wp-json\/wp\/v2\/posts\/18813","targetHints":{"allow":["GET"]}}],"collection":[{"href":"https:\/\/www.kelmis.be\/fr\/wp-json\/wp\/v2\/posts"}],"about":[{"href":"https:\/\/www.kelmis.be\/fr\/wp-json\/wp\/v2\/types\/post"}],"author":[{"embeddable":true,"href":"https:\/\/www.kelmis.be\/fr\/wp-json\/wp\/v2\/users\/2"}],"replies":[{"embeddable":true,"href":"https:\/\/www.kelmis.be\/fr\/wp-json\/wp\/v2\/comments?post=18813"}],"version-history":[{"count":1,"href":"https:\/\/www.kelmis.be\/fr\/wp-json\/wp\/v2\/posts\/18813\/revisions"}],"predecessor-version":[{"id":18815,"href":"https:\/\/www.kelmis.be\/fr\/wp-json\/wp\/v2\/posts\/18813\/revisions\/18815"}],"wp:featuredmedia":[{"embeddable":true,"href":"https:\/\/www.kelmis.be\/fr\/wp-json\/wp\/v2\/media\/18814"}],"wp:attachment":[{"href":"https:\/\/www.kelmis.be\/fr\/wp-json\/wp\/v2\/media?parent=18813"}],"wp:term":[{"taxonomy":"category","embeddable":true,"href":"https:\/\/www.kelmis.be\/fr\/wp-json\/wp\/v2\/categories?post=18813"},{"taxonomy":"post_tag","embeddable":true,"href":"https:\/\/www.kelmis.be\/fr\/wp-json\/wp\/v2\/tags?post=18813"}],"curies":[{"name":"wp","href":"https:\/\/api.w.org\/{rel}","templated":true}]}}