{"id":18807,"date":"2026-03-05T17:45:45","date_gmt":"2026-03-05T16:45:45","guid":{"rendered":"https:\/\/www.kelmis.be\/?p=18807"},"modified":"2026-03-05T17:45:45","modified_gmt":"2026-03-05T16:45:45","slug":"travaux-dextension-du-reseau-de-fibre-optique-ce-lundi-a-la-rue-dastenet","status":"publish","type":"post","link":"https:\/\/www.kelmis.be\/fr\/circulation\/travaux-dextension-du-reseau-de-fibre-optique-ce-lundi-a-la-rue-dastenet","title":{"rendered":"Travaux d&rsquo;extension du r\u00e9seau de fibre optique ce lundi \u00e0 la rue d&rsquo;Astenet"},"content":{"rendered":"<p>\u00c0 partir de lundi prochain, des travaux d&rsquo;extension du r\u00e9seau de fibre optique devraient avoir lieu sur le pont de la rue d\u2019Astenet. Il est pr\u00e9vu de relier deux rouleaux de fibre optique (voir photo). Pendant les travaux, un feu de signalisation sera install\u00e9.<\/p>\n","protected":false},"excerpt":{"rendered":"\u00c0 partir de lundi prochain, des travaux d&rsquo;extension du r\u00e9seau de fibre optique devraient avoir lieu sur le pont de la rue d\u2019Astenet. Il est pr\u00e9vu de relier deux rouleaux de fibre optique (voir photo). Pendant les travaux, un feu de signalisation sera install\u00e9.","protected":false},"author":2,"featured_media":18808,"comment_status":"closed","ping_status":"closed","sticky":false,"template":"","format":"standard","meta":{"_acf_changed":false,"footnotes":""},"categories":[74],"tags":[],"class_list":["post-18807","post","type-post","status-publish","format-standard","has-post-thumbnail","hentry","category-circulation"],"acf":[],"_links":{"self":[{"href":"https:\/\/www.kelmis.be\/fr\/wp-json\/wp\/v2\/posts\/18807","targetHints":{"allow":["GET"]}}],"collection":[{"href":"https:\/\/www.kelmis.be\/fr\/wp-json\/wp\/v2\/posts"}],"about":[{"href":"https:\/\/www.kelmis.be\/fr\/wp-json\/wp\/v2\/types\/post"}],"author":[{"embeddable":true,"href":"https:\/\/www.kelmis.be\/fr\/wp-json\/wp\/v2\/users\/2"}],"replies":[{"embeddable":true,"href":"https:\/\/www.kelmis.be\/fr\/wp-json\/wp\/v2\/comments?post=18807"}],"version-history":[{"count":1,"href":"https:\/\/www.kelmis.be\/fr\/wp-json\/wp\/v2\/posts\/18807\/revisions"}],"predecessor-version":[{"id":18809,"href":"https:\/\/www.kelmis.be\/fr\/wp-json\/wp\/v2\/posts\/18807\/revisions\/18809"}],"wp:featuredmedia":[{"embeddable":true,"href":"https:\/\/www.kelmis.be\/fr\/wp-json\/wp\/v2\/media\/18808"}],"wp:attachment":[{"href":"https:\/\/www.kelmis.be\/fr\/wp-json\/wp\/v2\/media?parent=18807"}],"wp:term":[{"taxonomy":"category","embeddable":true,"href":"https:\/\/www.kelmis.be\/fr\/wp-json\/wp\/v2\/categories?post=18807"},{"taxonomy":"post_tag","embeddable":true,"href":"https:\/\/www.kelmis.be\/fr\/wp-json\/wp\/v2\/tags?post=18807"}],"curies":[{"name":"wp","href":"https:\/\/api.w.org\/{rel}","templated":true}]}}