{"id":18790,"date":"2026-03-05T16:24:06","date_gmt":"2026-03-05T15:24:06","guid":{"rendered":"https:\/\/www.kelmis.be\/?p=18790"},"modified":"2026-03-05T16:24:06","modified_gmt":"2026-03-05T15:24:06","slug":"parc-canin-demantele-a-partir-de-lundi-prochain","status":"publish","type":"post","link":"https:\/\/www.kelmis.be\/fr\/actualite-dans-la-commune\/parc-canin-demantele-a-partir-de-lundi-prochain","title":{"rendered":"Parc canin d\u00e9mantel\u00e9 \u00e0 partir de lundi prochain"},"content":{"rendered":"<p>Lundi, notre d\u00e9p\u00f4t communal commencera \u00e0 d\u00e9manteler le parc canin situ\u00e9 en bordure du terrain de la Coul. La pelouse de gauche (en venant de la Coul) sera la premi\u00e8re concern\u00e9e. Au cours de cette premi\u00e8re phase, la partie droite de la pelouse (en venant de Kul) pourra continuer \u00e0 \u00eatre utilis\u00e9e.<\/p>\n<p>Parall\u00e8lement \u00e0 ces travaux, un nouveau parc canin sera am\u00e9nag\u00e9 non loin de l&rsquo;actuel. La surface a \u00e9t\u00e9 r\u00e9cemment ensemenc\u00e9e. Il faudra environ quatre semaines pour que l&rsquo;herbe pousse sur toute la surface.<\/p>\n<p>Nous vous tiendrons inform\u00e9s de l&rsquo;avancement du chantier.<\/p>\n<p>Le parc canin est d\u00e9plac\u00e9 afin d&rsquo;am\u00e9liorer la protection contre le bruit pour les riverains de ce quartier.<\/p>\n","protected":false},"excerpt":{"rendered":"Lundi, notre d\u00e9p\u00f4t communal commencera \u00e0 d\u00e9manteler le parc canin situ\u00e9 en bordure du terrain de la Coul. La pelouse de gauche (en venant de la Coul) sera la premi\u00e8re concern\u00e9e. Au cours de cette premi\u00e8re phase, la partie droite de la pelouse (en venant de Kul) pourra continuer \u00e0 \u00eatre utilis\u00e9e. Parall\u00e8lement \u00e0 ces [&hellip;]","protected":false},"author":2,"featured_media":18791,"comment_status":"closed","ping_status":"closed","sticky":false,"template":"","format":"standard","meta":{"_acf_changed":false,"footnotes":""},"categories":[70],"tags":[],"class_list":["post-18790","post","type-post","status-publish","format-standard","has-post-thumbnail","hentry","category-actualite-dans-la-commune"],"acf":[],"_links":{"self":[{"href":"https:\/\/www.kelmis.be\/fr\/wp-json\/wp\/v2\/posts\/18790","targetHints":{"allow":["GET"]}}],"collection":[{"href":"https:\/\/www.kelmis.be\/fr\/wp-json\/wp\/v2\/posts"}],"about":[{"href":"https:\/\/www.kelmis.be\/fr\/wp-json\/wp\/v2\/types\/post"}],"author":[{"embeddable":true,"href":"https:\/\/www.kelmis.be\/fr\/wp-json\/wp\/v2\/users\/2"}],"replies":[{"embeddable":true,"href":"https:\/\/www.kelmis.be\/fr\/wp-json\/wp\/v2\/comments?post=18790"}],"version-history":[{"count":1,"href":"https:\/\/www.kelmis.be\/fr\/wp-json\/wp\/v2\/posts\/18790\/revisions"}],"predecessor-version":[{"id":18792,"href":"https:\/\/www.kelmis.be\/fr\/wp-json\/wp\/v2\/posts\/18790\/revisions\/18792"}],"wp:featuredmedia":[{"embeddable":true,"href":"https:\/\/www.kelmis.be\/fr\/wp-json\/wp\/v2\/media\/18791"}],"wp:attachment":[{"href":"https:\/\/www.kelmis.be\/fr\/wp-json\/wp\/v2\/media?parent=18790"}],"wp:term":[{"taxonomy":"category","embeddable":true,"href":"https:\/\/www.kelmis.be\/fr\/wp-json\/wp\/v2\/categories?post=18790"},{"taxonomy":"post_tag","embeddable":true,"href":"https:\/\/www.kelmis.be\/fr\/wp-json\/wp\/v2\/tags?post=18790"}],"curies":[{"name":"wp","href":"https:\/\/api.w.org\/{rel}","templated":true}]}}