{"id":18770,"date":"2026-03-03T10:40:54","date_gmt":"2026-03-03T09:40:54","guid":{"rendered":"https:\/\/www.kelmis.be\/?p=18770"},"modified":"2026-03-03T10:40:54","modified_gmt":"2026-03-03T09:40:54","slug":"les-bonbonnes-de-gaz-ne-sont-pas-des-dechets-comme-les-autres","status":"publish","type":"post","link":"https:\/\/www.kelmis.be\/fr\/depuis-la-maison-communale\/les-bonbonnes-de-gaz-ne-sont-pas-des-dechets-comme-les-autres","title":{"rendered":"Les bonbonnes de gaz ne sont pas des d\u00e9chets comme les autres !"},"content":{"rendered":"<p>COPIDEC (Conf\u00e9rence Permanente des Intercommunales wallonnes de gestion des D\u00e9chets) et ses intercommunales membres lancent une campagne de sensibilisation sur le tri des bonbonnes de gaz. L\u2019objectif ? Rappeler que les bonbonnes de gaz ne sont pas des d\u00e9chets comme les autres et qu\u2019un seul mauvais geste peut avoir de graves cons\u00e9quences.<\/p>\n<p>On le lit r\u00e9guli\u00e8rement dans la presse, les bonbonnes de gaz mal tri\u00e9es provoquent des incidents dans les centres de tri et de traitement des d\u00e9chets. Risques d\u2019explosion, incendies, arr\u00eats de cha\u00eene et surtout mise en danger du personnel. Les accidents sont r\u00e9els et fr\u00e9quents.<\/p>\n<p>La campagne met volontairement l\u2019accent sur la responsabilit\u00e9 individuelle : il suffit d\u2019une fois, d\u2019un seul mauvais geste.<\/p>\n<p>La vid\u00e9o s\u2019adresse aux citoyens de plus de 15 ans susceptibles d\u2019utiliser des bonbonnes de gaz dans la vie quotidienne : campeurs, bricoleurs, amateurs de barbecue, parents organisant des f\u00eates, passionn\u00e9s de cuisine, propri\u00e9taires d\u2019aquarium ou utilisateurs de chauffages d\u2019appoint.<\/p>\n<p>Les bonbonnes de gaz non rechargeables doivent \u00eatre d\u00e9pos\u00e9es au recyparc dans l\u2019espace r\u00e9serv\u00e9 aux d\u00e9chets sp\u00e9ciaux des m\u00e9nages (d\u00e9chets dangereux).<\/p>\n<p>Les bonbonnes rechargeables quant \u00e0 elles suivent une fili\u00e8re sp\u00e9cifique de reprise.<\/p>\n<p>Le<strong><a href=\"https:\/\/www.quefairedemabonbonnedegaz.be\"> nouveau site<\/a><\/strong> rassemble toutes les informations pratiques pour identifier le type de bonbonne et savoir o\u00f9 la rapporter.<\/p>\n<p>Lien vers la vid\u00e9o<\/p>\n<p><iframe loading=\"lazy\" title=\"Que faire de ma bonbonne de gaz\" width=\"500\" height=\"281\" src=\"https:\/\/www.youtube.com\/embed\/btzQ0LKU7VE?feature=oembed\" frameborder=\"0\" allow=\"accelerometer; autoplay; clipboard-write; encrypted-media; gyroscope; picture-in-picture; web-share\" referrerpolicy=\"strict-origin-when-cross-origin\" allowfullscreen><\/iframe><\/p>\n","protected":false},"excerpt":{"rendered":"COPIDEC (Conf\u00e9rence Permanente des Intercommunales wallonnes de gestion des D\u00e9chets) et ses intercommunales membres lancent une campagne de sensibilisation sur le tri des bonbonnes de gaz. L\u2019objectif ? Rappeler que les bonbonnes de gaz ne sont pas des d\u00e9chets comme les autres et qu\u2019un seul mauvais geste peut avoir de graves cons\u00e9quences. On le lit [&hellip;]","protected":false},"author":2,"featured_media":18771,"comment_status":"closed","ping_status":"closed","sticky":false,"template":"","format":"standard","meta":{"_acf_changed":false,"footnotes":""},"categories":[71],"tags":[],"class_list":["post-18770","post","type-post","status-publish","format-standard","has-post-thumbnail","hentry","category-depuis-la-maison-communale"],"acf":[],"_links":{"self":[{"href":"https:\/\/www.kelmis.be\/fr\/wp-json\/wp\/v2\/posts\/18770","targetHints":{"allow":["GET"]}}],"collection":[{"href":"https:\/\/www.kelmis.be\/fr\/wp-json\/wp\/v2\/posts"}],"about":[{"href":"https:\/\/www.kelmis.be\/fr\/wp-json\/wp\/v2\/types\/post"}],"author":[{"embeddable":true,"href":"https:\/\/www.kelmis.be\/fr\/wp-json\/wp\/v2\/users\/2"}],"replies":[{"embeddable":true,"href":"https:\/\/www.kelmis.be\/fr\/wp-json\/wp\/v2\/comments?post=18770"}],"version-history":[{"count":1,"href":"https:\/\/www.kelmis.be\/fr\/wp-json\/wp\/v2\/posts\/18770\/revisions"}],"predecessor-version":[{"id":18772,"href":"https:\/\/www.kelmis.be\/fr\/wp-json\/wp\/v2\/posts\/18770\/revisions\/18772"}],"wp:featuredmedia":[{"embeddable":true,"href":"https:\/\/www.kelmis.be\/fr\/wp-json\/wp\/v2\/media\/18771"}],"wp:attachment":[{"href":"https:\/\/www.kelmis.be\/fr\/wp-json\/wp\/v2\/media?parent=18770"}],"wp:term":[{"taxonomy":"category","embeddable":true,"href":"https:\/\/www.kelmis.be\/fr\/wp-json\/wp\/v2\/categories?post=18770"},{"taxonomy":"post_tag","embeddable":true,"href":"https:\/\/www.kelmis.be\/fr\/wp-json\/wp\/v2\/tags?post=18770"}],"curies":[{"name":"wp","href":"https:\/\/api.w.org\/{rel}","templated":true}]}}