{"id":18760,"date":"2026-02-26T16:39:04","date_gmt":"2026-02-26T15:39:04","guid":{"rendered":"https:\/\/www.kelmis.be\/?p=18760"},"modified":"2026-02-26T16:48:58","modified_gmt":"2026-02-26T15:48:58","slug":"recypark-ferme-mardi-prochain-en-raison-dune-greve","status":"publish","type":"post","link":"https:\/\/www.kelmis.be\/fr\/actualite-dans-la-commune\/recypark-ferme-mardi-prochain-en-raison-dune-greve","title":{"rendered":"Recyparc ferm\u00e9 mardi prochain en raison d&rsquo;une gr\u00e8ve"},"content":{"rendered":"<p>L&rsquo;intercommunale Intradel nous a inform\u00e9s que le Recyparc situ\u00e9 sur la route de Li\u00e8ge restera ferm\u00e9 mardi prochain (3 mars) en raison d&rsquo;une action de gr\u00e8ve dans le secteur public.<\/p>\n","protected":false},"excerpt":{"rendered":"L&rsquo;intercommunale Intradel nous a inform\u00e9s que le Recyparc situ\u00e9 sur la route de Li\u00e8ge restera ferm\u00e9 mardi prochain (3 mars) en raison d&rsquo;une action de gr\u00e8ve dans le secteur public.","protected":false},"author":2,"featured_media":18761,"comment_status":"closed","ping_status":"closed","sticky":false,"template":"","format":"standard","meta":{"_acf_changed":false,"footnotes":""},"categories":[70],"tags":[],"class_list":["post-18760","post","type-post","status-publish","format-standard","has-post-thumbnail","hentry","category-actualite-dans-la-commune"],"acf":[],"_links":{"self":[{"href":"https:\/\/www.kelmis.be\/fr\/wp-json\/wp\/v2\/posts\/18760","targetHints":{"allow":["GET"]}}],"collection":[{"href":"https:\/\/www.kelmis.be\/fr\/wp-json\/wp\/v2\/posts"}],"about":[{"href":"https:\/\/www.kelmis.be\/fr\/wp-json\/wp\/v2\/types\/post"}],"author":[{"embeddable":true,"href":"https:\/\/www.kelmis.be\/fr\/wp-json\/wp\/v2\/users\/2"}],"replies":[{"embeddable":true,"href":"https:\/\/www.kelmis.be\/fr\/wp-json\/wp\/v2\/comments?post=18760"}],"version-history":[{"count":3,"href":"https:\/\/www.kelmis.be\/fr\/wp-json\/wp\/v2\/posts\/18760\/revisions"}],"predecessor-version":[{"id":18764,"href":"https:\/\/www.kelmis.be\/fr\/wp-json\/wp\/v2\/posts\/18760\/revisions\/18764"}],"wp:featuredmedia":[{"embeddable":true,"href":"https:\/\/www.kelmis.be\/fr\/wp-json\/wp\/v2\/media\/18761"}],"wp:attachment":[{"href":"https:\/\/www.kelmis.be\/fr\/wp-json\/wp\/v2\/media?parent=18760"}],"wp:term":[{"taxonomy":"category","embeddable":true,"href":"https:\/\/www.kelmis.be\/fr\/wp-json\/wp\/v2\/categories?post=18760"},{"taxonomy":"post_tag","embeddable":true,"href":"https:\/\/www.kelmis.be\/fr\/wp-json\/wp\/v2\/tags?post=18760"}],"curies":[{"name":"wp","href":"https:\/\/api.w.org\/{rel}","templated":true}]}}