{"id":18753,"date":"2026-02-26T16:04:09","date_gmt":"2026-02-26T15:04:09","guid":{"rendered":"https:\/\/www.kelmis.be\/?p=18753"},"modified":"2026-02-26T16:04:35","modified_gmt":"2026-02-26T15:04:35","slug":"demenagement-du-parc-canin","status":"publish","type":"post","link":"https:\/\/www.kelmis.be\/fr\/actualite-dans-la-commune\/demenagement-du-parc-canin","title":{"rendered":"D\u00e9m\u00e9nagement du parc canin"},"content":{"rendered":"<p>INFO POUR LES PROPRI\u00c9TAIRES DE CHIENS<\/p>\n<p>Notre d\u00e9p\u00f4t communal pr\u00e9pare actuellement le , situ\u00e9 en bordure du terrain de la Coul. Afin d&rsquo;offrir une meilleure protection contre le bruit aux riverains, le parc sera d\u00e9plac\u00e9 vers l&rsquo;arri\u00e8re. Le personnel du d\u00e9p\u00f4t va d&rsquo;abord d\u00e9manteler la plus grande partie du parc afin que les propri\u00e9taires de chiens puissent utiliser la plus petite surface pendant cette p\u00e9riode. Ensuite, le petit parc sera d\u00e9mantel\u00e9.<\/p>\n<p>Nous vous tiendrons inform\u00e9s de l&rsquo;\u00e9volution du chantier.<img loading=\"lazy\" decoding=\"async\" width=\"800\" height=\"600\" class=\"alignnone size-medium wp-image-18755\" style=\"font-size: 1.6rem; letter-spacing: 0.7px;\" src=\"https:\/\/www.kelmis.be\/wp-content\/uploads\/2026\/02\/bagger-1-800x600.jpg\" alt=\"\" srcset=\"https:\/\/www.kelmis.be\/wp-content\/uploads\/2026\/02\/bagger-1-800x600.jpg 800w, https:\/\/www.kelmis.be\/wp-content\/uploads\/2026\/02\/bagger-1-1600x1200.jpg 1600w, https:\/\/www.kelmis.be\/wp-content\/uploads\/2026\/02\/bagger-1-768x576.jpg 768w, https:\/\/www.kelmis.be\/wp-content\/uploads\/2026\/02\/bagger-1-1536x1152.jpg 1536w, https:\/\/www.kelmis.be\/wp-content\/uploads\/2026\/02\/bagger-1-2048x1536.jpg 2048w, https:\/\/www.kelmis.be\/wp-content\/uploads\/2026\/02\/bagger-1-400x300.jpg 400w, https:\/\/www.kelmis.be\/wp-content\/uploads\/2026\/02\/bagger-1-1200x900.jpg 1200w\" sizes=\"auto, (max-width: 800px) 100vw, 800px\" \/><\/p>\n","protected":false},"excerpt":{"rendered":"INFO POUR LES PROPRI\u00c9TAIRES DE CHIENS Notre d\u00e9p\u00f4t communal pr\u00e9pare actuellement le , situ\u00e9 en bordure du terrain de la Coul. Afin d&rsquo;offrir une meilleure protection contre le bruit aux riverains, le parc sera d\u00e9plac\u00e9 vers l&rsquo;arri\u00e8re. Le personnel du d\u00e9p\u00f4t va d&rsquo;abord d\u00e9manteler la plus grande partie du parc afin que les propri\u00e9taires de [&hellip;]","protected":false},"author":2,"featured_media":18754,"comment_status":"closed","ping_status":"closed","sticky":false,"template":"","format":"standard","meta":{"_acf_changed":false,"footnotes":""},"categories":[70],"tags":[],"class_list":["post-18753","post","type-post","status-publish","format-standard","has-post-thumbnail","hentry","category-actualite-dans-la-commune"],"acf":[],"_links":{"self":[{"href":"https:\/\/www.kelmis.be\/fr\/wp-json\/wp\/v2\/posts\/18753","targetHints":{"allow":["GET"]}}],"collection":[{"href":"https:\/\/www.kelmis.be\/fr\/wp-json\/wp\/v2\/posts"}],"about":[{"href":"https:\/\/www.kelmis.be\/fr\/wp-json\/wp\/v2\/types\/post"}],"author":[{"embeddable":true,"href":"https:\/\/www.kelmis.be\/fr\/wp-json\/wp\/v2\/users\/2"}],"replies":[{"embeddable":true,"href":"https:\/\/www.kelmis.be\/fr\/wp-json\/wp\/v2\/comments?post=18753"}],"version-history":[{"count":1,"href":"https:\/\/www.kelmis.be\/fr\/wp-json\/wp\/v2\/posts\/18753\/revisions"}],"predecessor-version":[{"id":18756,"href":"https:\/\/www.kelmis.be\/fr\/wp-json\/wp\/v2\/posts\/18753\/revisions\/18756"}],"wp:featuredmedia":[{"embeddable":true,"href":"https:\/\/www.kelmis.be\/fr\/wp-json\/wp\/v2\/media\/18754"}],"wp:attachment":[{"href":"https:\/\/www.kelmis.be\/fr\/wp-json\/wp\/v2\/media?parent=18753"}],"wp:term":[{"taxonomy":"category","embeddable":true,"href":"https:\/\/www.kelmis.be\/fr\/wp-json\/wp\/v2\/categories?post=18753"},{"taxonomy":"post_tag","embeddable":true,"href":"https:\/\/www.kelmis.be\/fr\/wp-json\/wp\/v2\/tags?post=18753"}],"curies":[{"name":"wp","href":"https:\/\/api.w.org\/{rel}","templated":true}]}}