{"id":18652,"date":"2026-02-18T09:10:55","date_gmt":"2026-02-18T08:10:55","guid":{"rendered":"https:\/\/www.kelmis.be\/?p=18652"},"modified":"2026-02-18T09:10:55","modified_gmt":"2026-02-18T08:10:55","slug":"le-lundi-des-roses-en-photos-et-en-video-et-les-liens-pour-les-photos-des-autres-corteges","status":"publish","type":"post","link":"https:\/\/www.kelmis.be\/fr\/depuis-la-maison-communale\/le-lundi-des-roses-en-photos-et-en-video-et-les-liens-pour-les-photos-des-autres-corteges","title":{"rendered":"Le Lundi des Roses en photos et en vid\u00e9o &#8211; Et les liens pour les photos des autres cort\u00e8ges"},"content":{"rendered":"<p>Retrouvez dans la galerie le cort\u00e8ge du Lundi des roses en images. La vid\u00e9o de la parade devant le prince Liam I. devant la maison communale peut \u00eatre consult\u00e9e <strong><a href=\"https:\/\/www.youtube.com\/watch?v=xI07NALb9wk\">ici<\/a><\/strong>.<\/p>\n<p>Les photos des autres cort\u00e8ges:<\/p>\n<p>Le Jeudi des Femmes <strong><a href=\"https:\/\/www.kelmis.be\/fr\/non-classifiee\/le-jeudi-des-femmes-en-photos\">ici<\/a><\/strong><\/p>\n<p>Le cort\u00e8ge des enfants<strong><a href=\"https:\/\/www.kelmis.be\/aus-dem-gemeindehaus\/der-kinderumzug-in-bildern\"> ici<\/a><\/strong><\/p>\n<p>Le cort\u00e8ge traditionnel <strong><a href=\"https:\/\/www.kelmis.be\/veranstaltung\/die-bilder-zum-traditionsumzug\">ici<\/a><\/strong><\/p>\n","protected":false},"excerpt":{"rendered":"Retrouvez dans la galerie le cort\u00e8ge du Lundi des roses en images. La vid\u00e9o de la parade devant le prince Liam I. devant la maison communale peut \u00eatre consult\u00e9e ici. Les photos des autres cort\u00e8ges: Le Jeudi des Femmes ici Le cort\u00e8ge des enfants ici Le cort\u00e8ge traditionnel ici","protected":false},"author":2,"featured_media":18702,"comment_status":"closed","ping_status":"closed","sticky":false,"template":"","format":"standard","meta":{"_acf_changed":false,"footnotes":""},"categories":[71],"tags":[],"class_list":["post-18652","post","type-post","status-publish","format-standard","has-post-thumbnail","hentry","category-depuis-la-maison-communale"],"acf":[],"_links":{"self":[{"href":"https:\/\/www.kelmis.be\/fr\/wp-json\/wp\/v2\/posts\/18652","targetHints":{"allow":["GET"]}}],"collection":[{"href":"https:\/\/www.kelmis.be\/fr\/wp-json\/wp\/v2\/posts"}],"about":[{"href":"https:\/\/www.kelmis.be\/fr\/wp-json\/wp\/v2\/types\/post"}],"author":[{"embeddable":true,"href":"https:\/\/www.kelmis.be\/fr\/wp-json\/wp\/v2\/users\/2"}],"replies":[{"embeddable":true,"href":"https:\/\/www.kelmis.be\/fr\/wp-json\/wp\/v2\/comments?post=18652"}],"version-history":[{"count":1,"href":"https:\/\/www.kelmis.be\/fr\/wp-json\/wp\/v2\/posts\/18652\/revisions"}],"predecessor-version":[{"id":18723,"href":"https:\/\/www.kelmis.be\/fr\/wp-json\/wp\/v2\/posts\/18652\/revisions\/18723"}],"wp:featuredmedia":[{"embeddable":true,"href":"https:\/\/www.kelmis.be\/fr\/wp-json\/wp\/v2\/media\/18702"}],"wp:attachment":[{"href":"https:\/\/www.kelmis.be\/fr\/wp-json\/wp\/v2\/media?parent=18652"}],"wp:term":[{"taxonomy":"category","embeddable":true,"href":"https:\/\/www.kelmis.be\/fr\/wp-json\/wp\/v2\/categories?post=18652"},{"taxonomy":"post_tag","embeddable":true,"href":"https:\/\/www.kelmis.be\/fr\/wp-json\/wp\/v2\/tags?post=18652"}],"curies":[{"name":"wp","href":"https:\/\/api.w.org\/{rel}","templated":true}]}}