{"id":18300,"date":"2026-02-09T11:36:01","date_gmt":"2026-02-09T10:36:01","guid":{"rendered":"https:\/\/www.kelmis.be\/?p=18300"},"modified":"2026-02-09T11:51:13","modified_gmt":"2026-02-09T10:51:13","slug":"les-horaires-des-navettes-de-nuits-du-tec-pendant-le-carnaval","status":"publish","type":"post","link":"https:\/\/www.kelmis.be\/fr\/depuis-la-maison-communale\/les-horaires-des-navettes-de-nuits-du-tec-pendant-le-carnaval","title":{"rendered":"Les horaires des navettes de nuits du TEC pendant le carnaval"},"content":{"rendered":"<p>Pendant les jours de carnaval, la soci\u00e9t\u00e9 wallonne de transport public TEC mettra en place des navettes dans le nord de la Communaut\u00e9 germanophone.<\/p>\n<p>Celles-ci circuleront dans la nuit de jeudi \u00e0 vendredi, de vendredi \u00e0 samedi et de dimanche \u00e0 lundi sur le trajet Eupen-Raeren-La Calamine-Lontzen-Eupen.<\/p>\n<p>Important : il n&rsquo;y aura pas de service de navette dans la nuit de samedi \u00e0 dimanche.<\/p>\n<p>Vous souhaitez plus d&rsquo;informations ?<\/p>\n<p>Contactez INFOTEC au 04 361 94 44 ou rendez-vous sur <strong><a href=\"https:\/\/www.letec.be\/\">Letec.be<\/a><\/strong>.<\/p>\n<p>Cette action est soutenue par la Communaut\u00e9 germanophone et les administrations communales d&rsquo;Eupen, Raeren, Lontzen et La Calamine.<\/p>\n","protected":false},"excerpt":{"rendered":"Pendant les jours de carnaval, la soci\u00e9t\u00e9 wallonne de transport public TEC mettra en place des navettes dans le nord de la Communaut\u00e9 germanophone. Celles-ci circuleront dans la nuit de jeudi \u00e0 vendredi, de vendredi \u00e0 samedi et de dimanche \u00e0 lundi sur le trajet Eupen-Raeren-La Calamine-Lontzen-Eupen. Important : il n&rsquo;y aura pas de service [&hellip;]","protected":false},"author":2,"featured_media":18301,"comment_status":"closed","ping_status":"closed","sticky":false,"template":"","format":"standard","meta":{"_acf_changed":false,"footnotes":""},"categories":[71],"tags":[],"class_list":["post-18300","post","type-post","status-publish","format-standard","has-post-thumbnail","hentry","category-depuis-la-maison-communale"],"acf":[],"_links":{"self":[{"href":"https:\/\/www.kelmis.be\/fr\/wp-json\/wp\/v2\/posts\/18300","targetHints":{"allow":["GET"]}}],"collection":[{"href":"https:\/\/www.kelmis.be\/fr\/wp-json\/wp\/v2\/posts"}],"about":[{"href":"https:\/\/www.kelmis.be\/fr\/wp-json\/wp\/v2\/types\/post"}],"author":[{"embeddable":true,"href":"https:\/\/www.kelmis.be\/fr\/wp-json\/wp\/v2\/users\/2"}],"replies":[{"embeddable":true,"href":"https:\/\/www.kelmis.be\/fr\/wp-json\/wp\/v2\/comments?post=18300"}],"version-history":[{"count":1,"href":"https:\/\/www.kelmis.be\/fr\/wp-json\/wp\/v2\/posts\/18300\/revisions"}],"predecessor-version":[{"id":18302,"href":"https:\/\/www.kelmis.be\/fr\/wp-json\/wp\/v2\/posts\/18300\/revisions\/18302"}],"wp:featuredmedia":[{"embeddable":true,"href":"https:\/\/www.kelmis.be\/fr\/wp-json\/wp\/v2\/media\/18301"}],"wp:attachment":[{"href":"https:\/\/www.kelmis.be\/fr\/wp-json\/wp\/v2\/media?parent=18300"}],"wp:term":[{"taxonomy":"category","embeddable":true,"href":"https:\/\/www.kelmis.be\/fr\/wp-json\/wp\/v2\/categories?post=18300"},{"taxonomy":"post_tag","embeddable":true,"href":"https:\/\/www.kelmis.be\/fr\/wp-json\/wp\/v2\/tags?post=18300"}],"curies":[{"name":"wp","href":"https:\/\/api.w.org\/{rel}","templated":true}]}}