{"id":18278,"date":"2026-02-05T17:32:03","date_gmt":"2026-02-05T16:32:03","guid":{"rendered":"https:\/\/www.kelmis.be\/?p=18278"},"modified":"2026-02-11T11:31:12","modified_gmt":"2026-02-11T10:31:12","slug":"le-programme-des-journees-carnavalesques-en-detail","status":"publish","type":"post","link":"https:\/\/www.kelmis.be\/fr\/evenement\/le-programme-des-journees-carnavalesques-en-detail","title":{"rendered":"Le programme des journ\u00e9es carnavalesques en d\u00e9tail"},"content":{"rendered":"<p>Dans une semaine exactement d\u00e9buteront les jours carnavalesques dans notre commune.<\/p>\n<p>Les <strong>Vieilles Femmes (Altweiber)<\/strong> prendront le pouvoir le jeudi 12 f\u00e9vrier.<br \/>\nLe 45\u1d49 cort\u00e8ge des Vieilles Femmes de La Calamine d\u00e9marrera \u00e0 10h11 depuis le site de la Coul.<br \/>\n\u00c0 11h11, aura lieu la remise des cl\u00e9s dans le chapiteau sur la place de l\u2019\u00c9glise.<br \/>\n\u00c0 12h30, les Vieilles Femmes repartiront en direction du d\u00e9p\u00f4t communal, o\u00f9 elles feront la f\u00eate jusqu\u2019\u00e0 14h30.<br \/>\nEnsuite, retour vers la place de l\u2019\u00c9glise, o\u00f9 un programme musical attendra les f\u00eatards.<\/p>\n<p>Ensuite, carnaval de rue dans tous les caf\u00e9s ainsi que dans la salle du Patronage.<\/p>\n<p>Apr\u00e8s une pause le vendredi, le <strong>samedi<\/strong> sera consacr\u00e9 au <strong>cort\u00e8ge des enfants<\/strong>.<br \/>\n\u00c0 13h30, une messe carnavalesque est pr\u00e9vue.<br \/>\nApr\u00e8s la remise des cl\u00e9s dans le chapiteau sur la place de l\u2019\u00c9glise, le cort\u00e8ge se formera \u00e0 14h15.<br \/>\nLe d\u00e9fil\u00e9 se d\u00e9roulera en deux phases.<br \/>\nUn premier tour se terminera \u00e0 l\u2019angle de la rue de l\u2019\u00c9glise \/ rue de Li\u00e8ge.<br \/>\nApr\u00e8s la r\u00e9ception du cort\u00e8ge par les Princes des enfants devant la maison communale, le cort\u00e8ge entamera la deuxi\u00e8me phase.<br \/>\nObjectif : le chapiteau sur la place de l\u2019\u00c9glise, o\u00f9 des friandises seront distribu\u00e9es et o\u00f9 le K\u00fcsch sera br\u00fbl\u00e9.<br \/>\n\u00c0 partir de 16h, petits et grands f\u00eatards pourront profiter d\u2019un super programme avec l\u2019accueil des Princes, un flashmob, du chant et des confettis.<\/p>\n<p>Le dimanche, place au <strong>cort\u00e8ge traditionnel<\/strong>.<br \/>\nD\u00e9part \u00e0 14h au K\u00fcsch.<br \/>\n\u00c0 14h45, les f\u00eatards sont attendus dans le chapiteau sur la place de l\u2019\u00c9glise pour plusieurs animations jusqu\u2019\u00e0 16h : remise des cl\u00e9s, chants des soci\u00e9t\u00e9s, chant et musique.<br \/>\n\u00c0 16h, direction le Patronage pour les danses des Majorettes.<\/p>\n<p>Grande nouveaut\u00e9 le<strong> lundi des Roses<\/strong>\u00a0(Rosenmontag) : Le cort\u00e8ge d\u00e9marrera d\u00e9j\u00e0 \u00e0 12h.<br \/>\nLa r\u00e9ception du cort\u00e8ge devant la maison communale est pr\u00e9vue vers 14h15 \/ 14h30, et le br\u00fblage du K\u00fcsch aura lieu vers 17h30.<\/p>\n<p>Autre nouveaut\u00e9 : apr\u00e8s avoir br\u00fbl\u00e9 le K\u00fcsch, les \u00ab Jecke van KeNeHeMo \u00bb, \u00ab De J\u00f6hlsoccer \u00bb et la KKG Ulk organisent une f\u00eate apr\u00e8s le cort\u00e8ge (appel\u00e9e \u00ab After Fire Party \u00bb) devant le Patronage avec \u00ab de la musique de carnaval pour tous \u00bb.<\/p>\n<p><strong>Fermetures de routes pendant les jours de carnaval<\/strong><\/p>\n<p>Le Jeudi des Femmes : la rue de l\u2019\u00c9glise sera ferm\u00e9e \u00e0 la circulation de 8h30 \u00e0 18h. De 10h \u00e0 15h, une partie de la rue de Li\u00e8ge sera ferm\u00e9e pour le d\u00e9fil\u00e9 des Alten Weiber.<\/p>\n<p>D\u00e9fil\u00e9 des enfants le samedi : \u00e0 partir de 13h, les rues emprunt\u00e9es par le d\u00e9fil\u00e9 seront temporairement ferm\u00e9es : rue de l\u2019\u00c9glise, rue de Li\u00e8ge, rue de la Chapelle, rue Albert, rue du Patronage, rue Thim. Entre 13h et 17h, il sera interdit de s&rsquo;arr\u00eater et de stationner dans la rue de l\u2019\u00c9glise.<\/p>\n<p>D\u00e9fil\u00e9 traditionnel le dimanche : \u00e0 partir de 13 h, les rues emprunt\u00e9es par le d\u00e9fil\u00e9 seront temporairement ferm\u00e9es : rue du Patronage, rue Thim, rue Albert, rue Kahn, rue G. Hock\u00e9, rue de Li\u00e8ge, rue de l\u2019\u00c9glise.<\/p>\n<p>Lundi des Roses : interdiction de stationner et de s&rsquo;arr\u00eater dans toutes les rues du centre du village et dans la rue de Li\u00e8ge. Ces rues seront ferm\u00e9es entre 9h30 et 18h.<\/p>\n<p>Important : la place de l\u2019\u00c9glise et la rue le long de la place de l\u2019\u00c9glise seront ferm\u00e9es du 9 f\u00e9vrier \u00e0 8h au 17 f\u00e9vrier \u00e0 8h.<\/p>\n<p><strong>Aper\u00e7u du programme<\/strong><\/p>\n<p><strong>Cort\u00e8ge des Vieilles Femmes (jeudi 12 f\u00e9vrier)<\/strong><\/p>\n<p>\u25aa 10h11 : d\u00e9part du site de la Coul<br \/>\n\u25aa 11h11 : remise des cl\u00e9s \u2013 chapiteau place de l\u2019\u00c9glise<br \/>\n\u25aa 12h30 : d\u00e9part de la place de l\u2019\u00c9glise vers le d\u00e9p\u00f4t communal<br \/>\n\u25aa 14h30 : d\u00e9part du d\u00e9p\u00f4t communal vers le chapiteau place de l\u2019\u00c9glise<br \/>\n\u25aa 15h \u2013 17h30 : animations dans le chapiteau, tirage de la tombola<br \/>\n\u25aa Fin \u00e0 18h<\/p>\n<p>Ensuite : carnaval de rue dans tous les caf\u00e9s et dans la salle du Patronage.<\/p>\n<p><strong>Cort\u00e8ge des enfants (samedi 14 f\u00e9vrier)<\/strong><\/p>\n<p>\u25aa 13h30 : messe<br \/>\n\u25aa Ensuite : remise des cl\u00e9s dans le chapiteau place de l\u2019\u00c9glise<br \/>\n\u25aa 14h30 : d\u00e9part du cort\u00e8ge rue de l\u2019\u00c9glise<br \/>\nApr\u00e8s la fin du cort\u00e8ge : distribution de friandises et br\u00fblage du K\u00fcsch des enfants<br \/>\n\u25aa \u00c0 partir de 16h : programme dans le chapiteau place de l\u2019\u00c9glise<br \/>\n\u25aa 17h : fin<\/p>\n<p>Ensuite : carnaval de rue dans tous les caf\u00e9s et dans la salle du Patronage.<\/p>\n<p><strong>Cort\u00e8ge traditionnel (dimanche 15 f\u00e9vrier)<\/strong><\/p>\n<p>\u25aa 14h : d\u00e9part au K\u00fcsch<br \/>\n\u25aa \u00c0 partir de 14h45 : discours et programme dans le chapiteau<br \/>\n\u25aa 16h : d\u00e9part vers le Patronage (programme)<\/p>\n<p>Ensuite : carnaval de rue dans tous les caf\u00e9s et dans la salle du Patronage.<\/p>\n<p><strong>Cort\u00e8ge du lundi des Roses \u2013 Rosenmontag (lundi 16 f\u00e9vrier)<\/strong><\/p>\n<p>\u25aa Mise en place du cort\u00e8ge au \u00ab Touring \u00bb \/ T\u00fclje jusqu\u2019\u00e0 Heygraben<br \/>\n\u25aa 12h : d\u00e9part<br \/>\n\u25aa Vers 14h15 \/ 14h30 : inspection du cort\u00e8ge devant la maison communale<br \/>\n\u25aa Vers 17h30 : br\u00fblage du K\u00fcsch, suivi d&rsquo;une f\u00eate apr\u00e8s-cort\u00e8ge devant le Patronage<\/p>\n<p>Et : carnaval de rue dans tous les caf\u00e9s et dans la salle du Patronage<\/p>\n<p>\u27a1\ufe0f Le lundi de Carnaval, le centre du village sera ferm\u00e9 \u00e0 la circulation de 10h \u00e0 18h.<\/p>\n<p>\ud83c\udd7f\ufe0f Parkings accessibles au public le lundi de Carnaval :<br \/>\n\u25aa Place de la Coul (entr\u00e9e par Krickelstein)<br \/>\n\u25aa Parkings Action, ex-Lidl et Aldi (rue de Li\u00e8ge)<br \/>\n\u25aa Parking du stade de football<\/p>\n<p>\ud83d\ude8c Des navettes gratuites seront propos\u00e9es le lundi de Carnaval :<\/p>\n<p>du parking pr\u00e8s de l\u2019\u00e9glise \u00e0 Hergenrath vers La Calamine (arr\u00eat cit\u00e9 Jansm\u00fchle)<br \/>\nde Birken (Montzen) vers La Calamine (arr\u00eat Sadar)<br \/>\nLes trajets aller auront lieu de 10h \u00e0 13h, les retours de 17h30 \u00e0 20h30.<\/p>\n<p>\u26a0\ufe0f Les horaires des bus TEC pendant les jours de carnaval sont disponibles sur le <strong><a href=\"https:\/\/www.letec.be\/News\/Detail\/17887\">site web de la TEC<\/a><\/strong>.<\/p>\n<p>&nbsp;<\/p>\n<p>&nbsp;<\/p>\n","protected":false},"excerpt":{"rendered":"Dans une semaine exactement d\u00e9buteront les jours carnavalesques dans notre commune. Les Vieilles Femmes (Altweiber) prendront le pouvoir le jeudi 12 f\u00e9vrier. Le 45\u1d49 cort\u00e8ge des Vieilles Femmes de La Calamine d\u00e9marrera \u00e0 10h11 depuis le site de la Coul. \u00c0 11h11, aura lieu la remise des cl\u00e9s dans le chapiteau sur la place de [&hellip;]","protected":false},"author":2,"featured_media":18279,"comment_status":"closed","ping_status":"closed","sticky":false,"template":"","format":"standard","meta":{"_acf_changed":false,"footnotes":""},"categories":[73],"tags":[],"class_list":["post-18278","post","type-post","status-publish","format-standard","has-post-thumbnail","hentry","category-evenement"],"acf":[],"_links":{"self":[{"href":"https:\/\/www.kelmis.be\/fr\/wp-json\/wp\/v2\/posts\/18278","targetHints":{"allow":["GET"]}}],"collection":[{"href":"https:\/\/www.kelmis.be\/fr\/wp-json\/wp\/v2\/posts"}],"about":[{"href":"https:\/\/www.kelmis.be\/fr\/wp-json\/wp\/v2\/types\/post"}],"author":[{"embeddable":true,"href":"https:\/\/www.kelmis.be\/fr\/wp-json\/wp\/v2\/users\/2"}],"replies":[{"embeddable":true,"href":"https:\/\/www.kelmis.be\/fr\/wp-json\/wp\/v2\/comments?post=18278"}],"version-history":[{"count":6,"href":"https:\/\/www.kelmis.be\/fr\/wp-json\/wp\/v2\/posts\/18278\/revisions"}],"predecessor-version":[{"id":18362,"href":"https:\/\/www.kelmis.be\/fr\/wp-json\/wp\/v2\/posts\/18278\/revisions\/18362"}],"wp:featuredmedia":[{"embeddable":true,"href":"https:\/\/www.kelmis.be\/fr\/wp-json\/wp\/v2\/media\/18279"}],"wp:attachment":[{"href":"https:\/\/www.kelmis.be\/fr\/wp-json\/wp\/v2\/media?parent=18278"}],"wp:term":[{"taxonomy":"category","embeddable":true,"href":"https:\/\/www.kelmis.be\/fr\/wp-json\/wp\/v2\/categories?post=18278"},{"taxonomy":"post_tag","embeddable":true,"href":"https:\/\/www.kelmis.be\/fr\/wp-json\/wp\/v2\/tags?post=18278"}],"curies":[{"name":"wp","href":"https:\/\/api.w.org\/{rel}","templated":true}]}}