{"id":18260,"date":"2026-02-05T10:47:14","date_gmt":"2026-02-05T09:47:14","guid":{"rendered":"https:\/\/www.kelmis.be\/?p=18260"},"modified":"2026-02-05T11:03:42","modified_gmt":"2026-02-05T10:03:42","slug":"cuisine-asiatique-sur-notre-marche-hebdomadaire","status":"publish","type":"post","link":"https:\/\/www.kelmis.be\/fr\/actualite-dans-la-commune\/cuisine-asiatique-sur-notre-marche-hebdomadaire","title":{"rendered":"Cuisine asiatique sur notre march\u00e9 hebdomadaire"},"content":{"rendered":"<p>Envie de cuisine asiatique ? Alors venez visiter notre march\u00e9 hebdomadaire. \ud83c\uddf9\ud83c\udded Rungnapha Raman et Christian Defrang de Petit-Rechain proposent au pied des marches de l\u2019\u00e9glise des plats tha\u00eflandais frais. La g\u00e9rante de l\u2019\u00e9tablissement, qui porte le nom \u00ab Chez Thai \u00bb, est la Tha\u00eflandaise Rungnapha Raman. Son mari Christian la soutient sur le plan logistique et est pompier professionnel \u00e0 Verviers.<\/p>\n<p>Sur notre march\u00e9 hebdomadaire, le plat principal du jour est compos\u00e9 de scampis ou de poulet, avec sauce aigre-douce et riz au jasmin (pour 12 euros). Des classiques comme les nouilles saut\u00e9es aux l\u00e9gumes (5,50 euros) sont \u00e9galement propos\u00e9s.<\/p>\n<p>En plus de notre march\u00e9 hebdomadaire, le couple de Petit-Rechain est aussi pr\u00e9sent sur les march\u00e9s d\u2019Aubel et d\u2019Aywaille.<\/p>\n<p>\u00ab Chez Thai \u00bb propose \u00e9galement des plats pour les f\u00eates.<\/p>\n<p>Contact : 0486\/32 56 48.<\/p>\n","protected":false},"excerpt":{"rendered":"Envie de cuisine asiatique ? Alors venez visiter notre march\u00e9 hebdomadaire. \ud83c\uddf9\ud83c\udded Rungnapha Raman et Christian Defrang de Petit-Rechain proposent au pied des marches de l\u2019\u00e9glise des plats tha\u00eflandais frais. La g\u00e9rante de l\u2019\u00e9tablissement, qui porte le nom \u00ab Chez Thai \u00bb, est la Tha\u00eflandaise Rungnapha Raman. Son mari Christian la soutient sur le plan [&hellip;]","protected":false},"author":2,"featured_media":18261,"comment_status":"closed","ping_status":"closed","sticky":false,"template":"","format":"standard","meta":{"_acf_changed":false,"footnotes":""},"categories":[70],"tags":[],"class_list":["post-18260","post","type-post","status-publish","format-standard","has-post-thumbnail","hentry","category-actualite-dans-la-commune"],"acf":[],"_links":{"self":[{"href":"https:\/\/www.kelmis.be\/fr\/wp-json\/wp\/v2\/posts\/18260","targetHints":{"allow":["GET"]}}],"collection":[{"href":"https:\/\/www.kelmis.be\/fr\/wp-json\/wp\/v2\/posts"}],"about":[{"href":"https:\/\/www.kelmis.be\/fr\/wp-json\/wp\/v2\/types\/post"}],"author":[{"embeddable":true,"href":"https:\/\/www.kelmis.be\/fr\/wp-json\/wp\/v2\/users\/2"}],"replies":[{"embeddable":true,"href":"https:\/\/www.kelmis.be\/fr\/wp-json\/wp\/v2\/comments?post=18260"}],"version-history":[{"count":2,"href":"https:\/\/www.kelmis.be\/fr\/wp-json\/wp\/v2\/posts\/18260\/revisions"}],"predecessor-version":[{"id":18264,"href":"https:\/\/www.kelmis.be\/fr\/wp-json\/wp\/v2\/posts\/18260\/revisions\/18264"}],"wp:featuredmedia":[{"embeddable":true,"href":"https:\/\/www.kelmis.be\/fr\/wp-json\/wp\/v2\/media\/18261"}],"wp:attachment":[{"href":"https:\/\/www.kelmis.be\/fr\/wp-json\/wp\/v2\/media?parent=18260"}],"wp:term":[{"taxonomy":"category","embeddable":true,"href":"https:\/\/www.kelmis.be\/fr\/wp-json\/wp\/v2\/categories?post=18260"},{"taxonomy":"post_tag","embeddable":true,"href":"https:\/\/www.kelmis.be\/fr\/wp-json\/wp\/v2\/tags?post=18260"}],"curies":[{"name":"wp","href":"https:\/\/api.w.org\/{rel}","templated":true}]}}