{"id":18246,"date":"2026-02-01T17:31:29","date_gmt":"2026-02-01T16:31:29","guid":{"rendered":"https:\/\/www.kelmis.be\/?p=18246"},"modified":"2026-02-01T17:31:29","modified_gmt":"2026-02-01T16:31:29","slug":"christoph-thyssen-depuis-un-mois-nouveau-chef-dequipe-du-commissariat-de-la-calamine","status":"publish","type":"post","link":"https:\/\/www.kelmis.be\/fr\/actualite-dans-la-commune\/christoph-thyssen-depuis-un-mois-nouveau-chef-dequipe-du-commissariat-de-la-calamine","title":{"rendered":"Christoph Thyssen, depuis un mois nouveau chef d&rsquo;\u00e9quipe du commissariat de La Calamine"},"content":{"rendered":"<p>Depuis un mois, le commissariat de La Calamine a un nouveau chef d&rsquo;\u00e9quipe : Christoph Thyssen succ\u00e8de \u00e0 Marc Van Schingen, qui a rejoint le d\u00e9partement Strat\u00e9gie \u00e0 Eupen, sous la direction de Christian Colles.<\/p>\n<p>Christoph Thyssen est n\u00e9 en 1976 \u00e0 Eupen. Il a grandi \u00e0 La Calamine, \u00e0 la rue de Moresnet. \u00c2g\u00e9 de 49 ans, il vit aujourd\u2019hui \u00e0 Kettenis avec sa femme Ellen Schmitz et leurs deux enfants. Passionn\u00e9 de ski, il est fan du club de hockey sur glace, de l&rsquo;\u00e9quipe K\u00f6lner Haie et pratique le Krav Maga.<\/p>\n<p>Nous vous pr\u00e9senterons Christoph Thyssen plus en d\u00e9tail dans notre prochain Kelmis magazine (\u00e9dition d&rsquo;avril).<\/p>\n","protected":false},"excerpt":{"rendered":"Depuis un mois, le commissariat de La Calamine a un nouveau chef d&rsquo;\u00e9quipe : Christoph Thyssen succ\u00e8de \u00e0 Marc Van Schingen, qui a rejoint le d\u00e9partement Strat\u00e9gie \u00e0 Eupen, sous la direction de Christian Colles. Christoph Thyssen est n\u00e9 en 1976 \u00e0 Eupen. Il a grandi \u00e0 La Calamine, \u00e0 la rue de Moresnet. \u00c2g\u00e9 [&hellip;]","protected":false},"author":2,"featured_media":18247,"comment_status":"closed","ping_status":"closed","sticky":false,"template":"","format":"standard","meta":{"_acf_changed":false,"footnotes":""},"categories":[70],"tags":[],"class_list":["post-18246","post","type-post","status-publish","format-standard","has-post-thumbnail","hentry","category-actualite-dans-la-commune"],"acf":[],"_links":{"self":[{"href":"https:\/\/www.kelmis.be\/fr\/wp-json\/wp\/v2\/posts\/18246","targetHints":{"allow":["GET"]}}],"collection":[{"href":"https:\/\/www.kelmis.be\/fr\/wp-json\/wp\/v2\/posts"}],"about":[{"href":"https:\/\/www.kelmis.be\/fr\/wp-json\/wp\/v2\/types\/post"}],"author":[{"embeddable":true,"href":"https:\/\/www.kelmis.be\/fr\/wp-json\/wp\/v2\/users\/2"}],"replies":[{"embeddable":true,"href":"https:\/\/www.kelmis.be\/fr\/wp-json\/wp\/v2\/comments?post=18246"}],"version-history":[{"count":1,"href":"https:\/\/www.kelmis.be\/fr\/wp-json\/wp\/v2\/posts\/18246\/revisions"}],"predecessor-version":[{"id":18248,"href":"https:\/\/www.kelmis.be\/fr\/wp-json\/wp\/v2\/posts\/18246\/revisions\/18248"}],"wp:featuredmedia":[{"embeddable":true,"href":"https:\/\/www.kelmis.be\/fr\/wp-json\/wp\/v2\/media\/18247"}],"wp:attachment":[{"href":"https:\/\/www.kelmis.be\/fr\/wp-json\/wp\/v2\/media?parent=18246"}],"wp:term":[{"taxonomy":"category","embeddable":true,"href":"https:\/\/www.kelmis.be\/fr\/wp-json\/wp\/v2\/categories?post=18246"},{"taxonomy":"post_tag","embeddable":true,"href":"https:\/\/www.kelmis.be\/fr\/wp-json\/wp\/v2\/tags?post=18246"}],"curies":[{"name":"wp","href":"https:\/\/api.w.org\/{rel}","templated":true}]}}