{"id":18236,"date":"2026-01-29T20:24:50","date_gmt":"2026-01-29T19:24:50","guid":{"rendered":"https:\/\/www.kelmis.be\/?p=18236"},"modified":"2026-01-29T20:24:50","modified_gmt":"2026-01-29T19:24:50","slug":"14-vitres-endommagees-remplacees-a-la-piscine-communale","status":"publish","type":"post","link":"https:\/\/www.kelmis.be\/fr\/actualite-dans-la-commune\/14-vitres-endommagees-remplacees-a-la-piscine-communale","title":{"rendered":"14 vitres endommag\u00e9es remplac\u00e9es \u00e0 la piscine communale"},"content":{"rendered":"<p>Aujourd&rsquo;hui, 14 vitres endommag\u00e9es (surface totale : 56,72 m\u00b2) ont \u00e9t\u00e9 remplac\u00e9es \u00e0 la piscine communale. L&rsquo;entreprise Couard a effectu\u00e9 les travaux sans perturber le fonctionnement normal de la piscine. \u00ab Pr\u00e9server les infrastructures publiques et les rendre p\u00e9rennes est une responsabilit\u00e9 centrale de la commune. Avec la R\u00e9gue Communale autonome Galmei, nous investissons de mani\u00e8re cibl\u00e9e et durable dans la pr\u00e9servation de la valeur des infrastructures sportives et garantissons ainsi une offre importante pour la population, les \u00e9coles et les associations \u00bb, expliquent Patrick Creutz (directeur de la RCA) et l&rsquo;\u00e9chevin Bj\u00f6rn Klinkenberg.<\/p>\n","protected":false},"excerpt":{"rendered":"Aujourd&rsquo;hui, 14 vitres endommag\u00e9es (surface totale : 56,72 m\u00b2) ont \u00e9t\u00e9 remplac\u00e9es \u00e0 la piscine communale. L&rsquo;entreprise Couard a effectu\u00e9 les travaux sans perturber le fonctionnement normal de la piscine. \u00ab Pr\u00e9server les infrastructures publiques et les rendre p\u00e9rennes est une responsabilit\u00e9 centrale de la commune. Avec la R\u00e9gue Communale autonome Galmei, nous investissons de [&hellip;]","protected":false},"author":2,"featured_media":18237,"comment_status":"closed","ping_status":"closed","sticky":false,"template":"","format":"standard","meta":{"_acf_changed":false,"footnotes":""},"categories":[70],"tags":[],"class_list":["post-18236","post","type-post","status-publish","format-standard","has-post-thumbnail","hentry","category-actualite-dans-la-commune"],"acf":[],"_links":{"self":[{"href":"https:\/\/www.kelmis.be\/fr\/wp-json\/wp\/v2\/posts\/18236","targetHints":{"allow":["GET"]}}],"collection":[{"href":"https:\/\/www.kelmis.be\/fr\/wp-json\/wp\/v2\/posts"}],"about":[{"href":"https:\/\/www.kelmis.be\/fr\/wp-json\/wp\/v2\/types\/post"}],"author":[{"embeddable":true,"href":"https:\/\/www.kelmis.be\/fr\/wp-json\/wp\/v2\/users\/2"}],"replies":[{"embeddable":true,"href":"https:\/\/www.kelmis.be\/fr\/wp-json\/wp\/v2\/comments?post=18236"}],"version-history":[{"count":1,"href":"https:\/\/www.kelmis.be\/fr\/wp-json\/wp\/v2\/posts\/18236\/revisions"}],"predecessor-version":[{"id":18238,"href":"https:\/\/www.kelmis.be\/fr\/wp-json\/wp\/v2\/posts\/18236\/revisions\/18238"}],"wp:featuredmedia":[{"embeddable":true,"href":"https:\/\/www.kelmis.be\/fr\/wp-json\/wp\/v2\/media\/18237"}],"wp:attachment":[{"href":"https:\/\/www.kelmis.be\/fr\/wp-json\/wp\/v2\/media?parent=18236"}],"wp:term":[{"taxonomy":"category","embeddable":true,"href":"https:\/\/www.kelmis.be\/fr\/wp-json\/wp\/v2\/categories?post=18236"},{"taxonomy":"post_tag","embeddable":true,"href":"https:\/\/www.kelmis.be\/fr\/wp-json\/wp\/v2\/tags?post=18236"}],"curies":[{"name":"wp","href":"https:\/\/api.w.org\/{rel}","templated":true}]}}