{"id":18229,"date":"2026-01-29T17:23:34","date_gmt":"2026-01-29T16:23:34","guid":{"rendered":"https:\/\/www.kelmis.be\/?p=18229"},"modified":"2026-01-29T20:25:24","modified_gmt":"2026-01-29T19:25:24","slug":"du-renfort-pour-loffice-du-tourisme-nouveau-siege-au-musee-vieille-montagne","status":"publish","type":"post","link":"https:\/\/www.kelmis.be\/fr\/actualite-dans-la-commune\/du-renfort-pour-loffice-du-tourisme-nouveau-siege-au-musee-vieille-montagne","title":{"rendered":"Du renfort pour l&rsquo;Office du tourisme &#8211; Nouveau si\u00e8ge au mus\u00e9e Vieille Montagne"},"content":{"rendered":"<p>L&rsquo;Office du tourisme a une nouvelle collaboratrice : Pascale Bronckart a pris ses fonctions dans les nouveaux locaux de l\u2019Office au mus\u00e9e Vieille Montagne, rue de Li\u00e8ge.<\/p>\n<p>Originaire de Waremme, Pascale est \u00e2g\u00e9e de 51 ans et vit avec sa famille \u00e0 Montzen. Pascale a \u00e9tudi\u00e9 \u00e0 la Haute Ecole Les Rivageois de Li\u00e8ge et est titulaire de dipl\u00f4mes en enseignement (professeur de n\u00e9erlandais\/anglais) et en tourisme. Elle exerce \u00e9galement en tant que kin\u00e9siologue ind\u00e9pendante.<\/p>\n<p>\u00ab Avec Pascale, nous avons pu recruter une sp\u00e9cialiste du tourisme \u00bb, expliquent les responsables. \u00ab Gr\u00e2ce \u00e0 notre nouvel emplacement au mus\u00e9e, nous combinons culture et tourisme et veillons ainsi \u00e0 ce que notre histoire unique b\u00e9n\u00e9ficie d&rsquo;une vitrine sophistiqu\u00e9e et digne \u00bb, d\u00e9clarent Jan Cetinkaya (directeur du mus\u00e9e), Patrick Creutz (directeur de la R\u00e9gie Communale Autonome\/RCA) et l&rsquo;\u00e9chevin du tourisme, Bj\u00f6rn Klinkenberg.<\/p>\n<p>Avant son d\u00e9m\u00e9nagement au mus\u00e9e, l\u2019Office \u00e9tait h\u00e9berg\u00e9 dans le Select. Cependant, un accident de bus survenu le Jeudi des femmes 2025 a rendu inaccessible la partie du b\u00e2timent o\u00f9 se trouvait l\u2019Office.<\/p>\n<p>&nbsp;<\/p>\n<p>Les heures d&rsquo;ouverture : du mardi au vendredi de 10 \u00e0 13 heures et le samedi de 11 \u00e0 17 heures.<\/p>\n","protected":false},"excerpt":{"rendered":"L&rsquo;Office du tourisme a une nouvelle collaboratrice : Pascale Bronckart a pris ses fonctions dans les nouveaux locaux de l\u2019Office au mus\u00e9e Vieille Montagne, rue de Li\u00e8ge. Originaire de Waremme, Pascale est \u00e2g\u00e9e de 51 ans et vit avec sa famille \u00e0 Montzen. Pascale a \u00e9tudi\u00e9 \u00e0 la Haute Ecole Les Rivageois de Li\u00e8ge et [&hellip;]","protected":false},"author":2,"featured_media":18230,"comment_status":"closed","ping_status":"closed","sticky":false,"template":"","format":"standard","meta":{"_acf_changed":false,"footnotes":""},"categories":[70],"tags":[],"class_list":["post-18229","post","type-post","status-publish","format-standard","has-post-thumbnail","hentry","category-actualite-dans-la-commune"],"acf":[],"_links":{"self":[{"href":"https:\/\/www.kelmis.be\/fr\/wp-json\/wp\/v2\/posts\/18229","targetHints":{"allow":["GET"]}}],"collection":[{"href":"https:\/\/www.kelmis.be\/fr\/wp-json\/wp\/v2\/posts"}],"about":[{"href":"https:\/\/www.kelmis.be\/fr\/wp-json\/wp\/v2\/types\/post"}],"author":[{"embeddable":true,"href":"https:\/\/www.kelmis.be\/fr\/wp-json\/wp\/v2\/users\/2"}],"replies":[{"embeddable":true,"href":"https:\/\/www.kelmis.be\/fr\/wp-json\/wp\/v2\/comments?post=18229"}],"version-history":[{"count":2,"href":"https:\/\/www.kelmis.be\/fr\/wp-json\/wp\/v2\/posts\/18229\/revisions"}],"predecessor-version":[{"id":18239,"href":"https:\/\/www.kelmis.be\/fr\/wp-json\/wp\/v2\/posts\/18229\/revisions\/18239"}],"wp:featuredmedia":[{"embeddable":true,"href":"https:\/\/www.kelmis.be\/fr\/wp-json\/wp\/v2\/media\/18230"}],"wp:attachment":[{"href":"https:\/\/www.kelmis.be\/fr\/wp-json\/wp\/v2\/media?parent=18229"}],"wp:term":[{"taxonomy":"category","embeddable":true,"href":"https:\/\/www.kelmis.be\/fr\/wp-json\/wp\/v2\/categories?post=18229"},{"taxonomy":"post_tag","embeddable":true,"href":"https:\/\/www.kelmis.be\/fr\/wp-json\/wp\/v2\/tags?post=18229"}],"curies":[{"name":"wp","href":"https:\/\/api.w.org\/{rel}","templated":true}]}}