{"id":18211,"date":"2026-01-28T11:29:01","date_gmt":"2026-01-28T10:29:01","guid":{"rendered":"https:\/\/www.kelmis.be\/?p=18211"},"modified":"2026-01-28T13:14:09","modified_gmt":"2026-01-28T12:14:09","slug":"le-conseil-communal-se-reunit-ce-soir-installation-de-deux-nouveaux-membres","status":"publish","type":"post","link":"https:\/\/www.kelmis.be\/fr\/depuis-la-maison-communale\/le-conseil-communal-se-reunit-ce-soir-installation-de-deux-nouveaux-membres","title":{"rendered":"Le conseil communal se r\u00e9unit ce soir &#8211; Installation de deux nouveaux membres"},"content":{"rendered":"<p>Notre conseil communal se r\u00e9unit ce soir (20 heures). Dix points sont \u00e0 l&rsquo;ordre du jour, dont l\u2019installation de Damir L\u00fcbcke et Alain Schmets en tant que nouveaux membres du conseil. Ils remplacent l&rsquo;ancien bourgmestre Luc Frank et Bruno Krickel au sein du groupe CSP (Les Engag\u00e9s).<\/p>\n<p>La s\u00e9ance sera retransmise en direct<strong><a href=\"https:\/\/youtube.com\/live\/zGHFTWzS7aI?feature=share\"> ici<\/a><\/strong>.<\/p>\n","protected":false},"excerpt":{"rendered":"Notre conseil communal se r\u00e9unit ce soir (20 heures). Dix points sont \u00e0 l&rsquo;ordre du jour, dont l\u2019installation de Damir L\u00fcbcke et Alain Schmets en tant que nouveaux membres du conseil. Ils remplacent l&rsquo;ancien bourgmestre Luc Frank et Bruno Krickel au sein du groupe CSP (Les Engag\u00e9s). La s\u00e9ance sera retransmise en direct ici.","protected":false},"author":2,"featured_media":17725,"comment_status":"closed","ping_status":"closed","sticky":false,"template":"","format":"standard","meta":{"_acf_changed":false,"footnotes":""},"categories":[71],"tags":[],"class_list":["post-18211","post","type-post","status-publish","format-standard","has-post-thumbnail","hentry","category-depuis-la-maison-communale"],"acf":[],"_links":{"self":[{"href":"https:\/\/www.kelmis.be\/fr\/wp-json\/wp\/v2\/posts\/18211","targetHints":{"allow":["GET"]}}],"collection":[{"href":"https:\/\/www.kelmis.be\/fr\/wp-json\/wp\/v2\/posts"}],"about":[{"href":"https:\/\/www.kelmis.be\/fr\/wp-json\/wp\/v2\/types\/post"}],"author":[{"embeddable":true,"href":"https:\/\/www.kelmis.be\/fr\/wp-json\/wp\/v2\/users\/2"}],"replies":[{"embeddable":true,"href":"https:\/\/www.kelmis.be\/fr\/wp-json\/wp\/v2\/comments?post=18211"}],"version-history":[{"count":2,"href":"https:\/\/www.kelmis.be\/fr\/wp-json\/wp\/v2\/posts\/18211\/revisions"}],"predecessor-version":[{"id":18213,"href":"https:\/\/www.kelmis.be\/fr\/wp-json\/wp\/v2\/posts\/18211\/revisions\/18213"}],"wp:featuredmedia":[{"embeddable":true,"href":"https:\/\/www.kelmis.be\/fr\/wp-json\/wp\/v2\/media\/17725"}],"wp:attachment":[{"href":"https:\/\/www.kelmis.be\/fr\/wp-json\/wp\/v2\/media?parent=18211"}],"wp:term":[{"taxonomy":"category","embeddable":true,"href":"https:\/\/www.kelmis.be\/fr\/wp-json\/wp\/v2\/categories?post=18211"},{"taxonomy":"post_tag","embeddable":true,"href":"https:\/\/www.kelmis.be\/fr\/wp-json\/wp\/v2\/tags?post=18211"}],"curies":[{"name":"wp","href":"https:\/\/api.w.org\/{rel}","templated":true}]}}