{"id":18197,"date":"2026-01-26T17:00:16","date_gmt":"2026-01-26T16:00:16","guid":{"rendered":"https:\/\/www.kelmis.be\/?p=18197"},"modified":"2026-01-26T17:02:34","modified_gmt":"2026-01-26T16:02:34","slug":"championnat-provincial-de-tir-a-larc-ce-week-end-au-centre-sportif-le-favori-vient-de-la-calamine","status":"publish","type":"post","link":"https:\/\/www.kelmis.be\/fr\/actualite-dans-la-commune\/championnat-provincial-de-tir-a-larc-ce-week-end-au-centre-sportif-le-favori-vient-de-la-calamine","title":{"rendered":"Championnat provincial de tir \u00e0 l&rsquo;arc ce week-end au centre sportif: le favori vient de La Calamine"},"content":{"rendered":"<p>Le championnat provincial de tir \u00e0 l&rsquo;arc aura lieu ce week-end au centre sportif. Les jeunes concourront samedi, les adultes dimanche. Les comp\u00e9titions d\u00e9buteront \u00e0 8h30 les deux jours et se termineront en d\u00e9but de soir\u00e9e.<\/p>\n<p>Quatre jeunes de La Calamine prendront le d\u00e9part. Outre Dean Lenders et No\u00e9 Schonmacker, tous les regards seront tourn\u00e9s vers Samuel Gomez-Klinkenberg. \u00c2g\u00e9 de 14 ans, il est l&rsquo;actuel champion national dans la cat\u00e9gorie arc classique U15\/longue distance. Julian, le fr\u00e8re de Samuel, sera \u00e9galement en lice ce week-end. L&rsquo;ann\u00e9e derni\u00e8re, Samuel Gomez-Klinkenberg, fils de notre collaboratrice Mich\u00e8le, a termin\u00e9 deuxi\u00e8me aux championnats provinciaux. Ce talentueux francophone, \u00e0 qui l&rsquo;on pr\u00e9dit une carri\u00e8re internationale, a r\u00e9cemment \u00e9t\u00e9 honor\u00e9 pour ses succ\u00e8s lors de la r\u00e9ception du Nouvel An organis\u00e9e par la commune.<\/p>\n<p>Nous avons rendu visite \u00e0 Samuel lors d&rsquo;une s\u00e9ance d&rsquo;entra\u00eenement au centre sportif de Gemmenich, o\u00f9 s&rsquo;entra\u00eene son club Dree Schteng Archery. Les jeunes talents sont encadr\u00e9s par le fondateur et entra\u00eeneur principal du club, Francis Collins, et son assistant Guido Lenders.<\/p>\n<p>La vid\u00e9o se trouve <strong><a href=\"https:\/\/www.youtube.com\/shorts\/_az4XtjOC0Q\">ici<\/a><\/strong>.<\/p>\n<p>Si vous \u00eates int\u00e9ress\u00e9 par le tir \u00e0 l&rsquo;arc, vous pouvez contacter Francis Collins : 0494\/10 13 11 et dreeschtengarcheryclub@gmail.com<\/p>\n","protected":false},"excerpt":{"rendered":"Le championnat provincial de tir \u00e0 l&rsquo;arc aura lieu ce week-end au centre sportif. Les jeunes concourront samedi, les adultes dimanche. Les comp\u00e9titions d\u00e9buteront \u00e0 8h30 les deux jours et se termineront en d\u00e9but de soir\u00e9e. Quatre jeunes de La Calamine prendront le d\u00e9part. Outre Dean Lenders et No\u00e9 Schonmacker, tous les regards seront tourn\u00e9s [&hellip;]","protected":false},"author":2,"featured_media":18198,"comment_status":"closed","ping_status":"closed","sticky":false,"template":"","format":"standard","meta":{"_acf_changed":false,"footnotes":""},"categories":[70],"tags":[],"class_list":["post-18197","post","type-post","status-publish","format-standard","has-post-thumbnail","hentry","category-actualite-dans-la-commune"],"acf":[],"_links":{"self":[{"href":"https:\/\/www.kelmis.be\/fr\/wp-json\/wp\/v2\/posts\/18197","targetHints":{"allow":["GET"]}}],"collection":[{"href":"https:\/\/www.kelmis.be\/fr\/wp-json\/wp\/v2\/posts"}],"about":[{"href":"https:\/\/www.kelmis.be\/fr\/wp-json\/wp\/v2\/types\/post"}],"author":[{"embeddable":true,"href":"https:\/\/www.kelmis.be\/fr\/wp-json\/wp\/v2\/users\/2"}],"replies":[{"embeddable":true,"href":"https:\/\/www.kelmis.be\/fr\/wp-json\/wp\/v2\/comments?post=18197"}],"version-history":[{"count":1,"href":"https:\/\/www.kelmis.be\/fr\/wp-json\/wp\/v2\/posts\/18197\/revisions"}],"predecessor-version":[{"id":18199,"href":"https:\/\/www.kelmis.be\/fr\/wp-json\/wp\/v2\/posts\/18197\/revisions\/18199"}],"wp:featuredmedia":[{"embeddable":true,"href":"https:\/\/www.kelmis.be\/fr\/wp-json\/wp\/v2\/media\/18198"}],"wp:attachment":[{"href":"https:\/\/www.kelmis.be\/fr\/wp-json\/wp\/v2\/media?parent=18197"}],"wp:term":[{"taxonomy":"category","embeddable":true,"href":"https:\/\/www.kelmis.be\/fr\/wp-json\/wp\/v2\/categories?post=18197"},{"taxonomy":"post_tag","embeddable":true,"href":"https:\/\/www.kelmis.be\/fr\/wp-json\/wp\/v2\/tags?post=18197"}],"curies":[{"name":"wp","href":"https:\/\/api.w.org\/{rel}","templated":true}]}}