{"id":18155,"date":"2026-01-22T11:53:17","date_gmt":"2026-01-22T10:53:17","guid":{"rendered":"https:\/\/www.kelmis.be\/?p=18155"},"modified":"2026-01-28T10:20:03","modified_gmt":"2026-01-28T09:20:03","slug":"conseil-consultatif-communal-pour-la-protection-du-patrimoine-et-lhistoire-locale-mis-en-place","status":"publish","type":"post","link":"https:\/\/www.kelmis.be\/fr\/depuis-la-maison-communale\/conseil-consultatif-communal-pour-la-protection-du-patrimoine-et-lhistoire-locale-mis-en-place","title":{"rendered":"Conseil consultatif communal pour la protection du patrimoine et l\u2019histoire locale mis en place"},"content":{"rendered":"<p>Le conseil consultatif communal pour la protection du patrimoine et l\u2019histoire locale a \u00e9t\u00e9 mis en place en d\u00e9but de semaine. Lors de la r\u00e9union constitutive, \u00e0 laquelle avait convi\u00e9 l&rsquo;\u00e9chevin responsable Raymond Lenaerts, le comit\u00e9 directeur a \u00e9t\u00e9 \u00e9lu : Eric Boulengier (pr\u00e9sident), Nico Steinbeck (vice-pr\u00e9sident), Freddy G\u00e9ron (secr\u00e9taire) et Robert Wertz (tr\u00e9sorier).<\/p>\n","protected":false},"excerpt":{"rendered":"Le conseil consultatif communal pour la protection du patrimoine et l\u2019histoire locale a \u00e9t\u00e9 mis en place en d\u00e9but de semaine. Lors de la r\u00e9union constitutive, \u00e0 laquelle avait convi\u00e9 l&rsquo;\u00e9chevin responsable Raymond Lenaerts, le comit\u00e9 directeur a \u00e9t\u00e9 \u00e9lu : Eric Boulengier (pr\u00e9sident), Nico Steinbeck (vice-pr\u00e9sident), Freddy G\u00e9ron (secr\u00e9taire) et Robert Wertz (tr\u00e9sorier).","protected":false},"author":2,"featured_media":18156,"comment_status":"closed","ping_status":"closed","sticky":false,"template":"","format":"standard","meta":{"_acf_changed":false,"footnotes":""},"categories":[71],"tags":[],"class_list":["post-18155","post","type-post","status-publish","format-standard","has-post-thumbnail","hentry","category-depuis-la-maison-communale"],"acf":[],"_links":{"self":[{"href":"https:\/\/www.kelmis.be\/fr\/wp-json\/wp\/v2\/posts\/18155","targetHints":{"allow":["GET"]}}],"collection":[{"href":"https:\/\/www.kelmis.be\/fr\/wp-json\/wp\/v2\/posts"}],"about":[{"href":"https:\/\/www.kelmis.be\/fr\/wp-json\/wp\/v2\/types\/post"}],"author":[{"embeddable":true,"href":"https:\/\/www.kelmis.be\/fr\/wp-json\/wp\/v2\/users\/2"}],"replies":[{"embeddable":true,"href":"https:\/\/www.kelmis.be\/fr\/wp-json\/wp\/v2\/comments?post=18155"}],"version-history":[{"count":3,"href":"https:\/\/www.kelmis.be\/fr\/wp-json\/wp\/v2\/posts\/18155\/revisions"}],"predecessor-version":[{"id":18205,"href":"https:\/\/www.kelmis.be\/fr\/wp-json\/wp\/v2\/posts\/18155\/revisions\/18205"}],"wp:featuredmedia":[{"embeddable":true,"href":"https:\/\/www.kelmis.be\/fr\/wp-json\/wp\/v2\/media\/18156"}],"wp:attachment":[{"href":"https:\/\/www.kelmis.be\/fr\/wp-json\/wp\/v2\/media?parent=18155"}],"wp:term":[{"taxonomy":"category","embeddable":true,"href":"https:\/\/www.kelmis.be\/fr\/wp-json\/wp\/v2\/categories?post=18155"},{"taxonomy":"post_tag","embeddable":true,"href":"https:\/\/www.kelmis.be\/fr\/wp-json\/wp\/v2\/tags?post=18155"}],"curies":[{"name":"wp","href":"https:\/\/api.w.org\/{rel}","templated":true}]}}