{"id":18104,"date":"2026-01-19T16:13:05","date_gmt":"2026-01-19T15:13:05","guid":{"rendered":"https:\/\/www.kelmis.be\/?p=18104"},"modified":"2026-01-19T16:19:23","modified_gmt":"2026-01-19T15:19:23","slug":"le-bihoraire-a-change-dhoraire","status":"publish","type":"post","link":"https:\/\/www.kelmis.be\/fr\/depuis-la-maison-communale\/le-bihoraire-a-change-dhoraire","title":{"rendered":"Le bihoraire a chang\u00e9 d\u2019horaire\u00a0!"},"content":{"rendered":"<p>Le 1er janvier 2026, le bihoraire a chang\u00e9 d\u2019horaire !<br \/>\nLe bihoraire, c\u2019est le tarif qui \u00e9tablit une distinction entre les heures \u00ab\u00a0pleines\u00a0\u00bb, et les heures \u00ab\u00a0creuses\u00a0\u00bb. Les consommations d\u2019\u00e9lectricit\u00e9 enregistr\u00e9es pendant les heures pleines, habituellement de 7h \u00e0 22h en semaine, sont factur\u00e9es \u00e0 un tarif plus \u00e9lev\u00e9 que les consommations d\u2019\u00e9lectricit\u00e9 enregistr\u00e9es pendant les heures creuses, habituellement la nuit, de 22h \u00e0 7h, et durant tout le weekend.<\/p>\n<p>A partir du 1er janvier 2026, une nouvelle plage d\u2019heures creuses sera disponible chaque jour entre 11h et 17h ! Durant cette plage, l\u2019\u00e9lectricit\u00e9 sera au m\u00eame tarif que la nuit. Ce nouvel horaire sera applicable 7 jours\/7.<\/p>\n<p><strong>Dois-je faire quelque chose\u00a0?<\/strong><br \/>\nNon, le changement vers les nouvelles plages du bihoraire est automatique, vous ne devez rien faire\u00a0! Que vous ayez un compteur \u00e9lectrom\u00e9canique (avec la roulette qui tourne) ou un compteur communicant (digital), le changement sera op\u00e9r\u00e9 \u00e0 distance par votre gestionnaire de r\u00e9seau. Aucune action n\u2019est requise de votre part.<\/p>\n<p>Seules les personnes ayant demand\u00e9 la d\u00e9sactivation de la fonction communicante de leur compteur digital seront contact\u00e9es par leur gestionnaire de r\u00e9seau.<\/p>\n<p><strong>Pourquoi les plages du tarif bihoraire vont-elles changer\u00a0?<\/strong><br \/>\nLe r\u00e9seau de distribution, principalement en basse tension, fait face \u00e0 des d\u00e9fis majeurs li\u00e9s \u00e0 la transition \u00e9nerg\u00e9tique, notamment :<\/p>\n<p>Une production croissante d&rsquo;\u00e9lectricit\u00e9 renouvelable, d\u00e9centralis\u00e9e et intermittente<br \/>\nUne \u00e9lectrification accrue des usages, entra\u00eenant une demande de puissance plus importante sur le r\u00e9seau<br \/>\nL\u2019\u00e9volution des plages du tarif bihoraire d\u00e9coule principalement de la volont\u00e9 d\u2019optimiser la demande d\u2019\u00e9lectricit\u00e9 et d\u2019encourager une consommation mieux r\u00e9partie sur la journ\u00e9e.<\/p>\n<p><strong>Plusieurs facteurs expliquent la n\u00e9cessit\u00e9 de modifier ces plages horaires\u00a0:<\/strong><\/p>\n<p>\u00b7\u00a0\u00a0\u00a0\u00a0\u00a0\u00a0 L\u2019\u00e9volution des profils de consommation\u00a0: les habitudes des m\u00e9nages, et des petits professionnels changent avec le temps. Par exemple, l\u2019arriv\u00e9e massive des voitures \u00e9lectriques, l\u2019utilisation accrue de syst\u00e8mes de chauffage (PAC) et de climatisation et l\u2019\u00e9lectrification globale des usages intensifient la demande d\u2019\u00e9lectricit\u00e9 qui se concentre \u00e0 certains moments de la journ\u00e9e.<\/p>\n<p>\u00b7\u00a0\u00a0\u00a0\u00a0\u00a0\u00a0 La gestion des pointes de consommation\u00a0: les p\u00e9riodes de tr\u00e8s forte consommation, souvent en d\u00e9but de matin\u00e9e ou en soir\u00e9e, sollicitent davantage le r\u00e9seau. En ajustant les plages du tarif bihoraire, les autorit\u00e9s souhaitent inciter la client\u00e8le \u00e0 d\u00e9placer certains usages en dehors de ces moments critiques, afin d\u2019att\u00e9nuer les pointes et d\u2019assurer la stabilit\u00e9 du r\u00e9seau, \u00e0 un co\u00fbt raisonnable.<\/p>\n<p>\u00b7\u00a0\u00a0\u00a0\u00a0\u00a0\u00a0 L\u2019int\u00e9gration des \u00e9nergies renouvelables\u00a0: l\u2019essor de l\u2019\u00e9nergie solaire et \u00e9olienne, qui produisent une \u00e9lectricit\u00e9 verte mais intermittente, n\u00e9cessite de revoir la fa\u00e7on dont la demande est g\u00e9r\u00e9e. Les nouvelles plages horaires sont con\u00e7ues pour encourager la consommation aux moments o\u00f9 l\u2019offre d\u2019\u00e9lectricit\u00e9 renouvelable est la plus abondante.<\/p>\n<p>En r\u00e9sum\u00e9, le changement des plages du tarif bihoraire s\u2019inscrit dans une logique d\u2019adaptation aux nouveaux enjeux \u00e9nerg\u00e9tiques et encourage une utilisation plus rationnelle du r\u00e9seau afin de r\u00e9duire les co\u00fbts pour soi-m\u00eame et pour la collectivit\u00e9, \u00a0ce qui facilite la transition vers des r\u00e9seaux plus r\u00e9silients.<\/p>\n<p><strong>Je b\u00e9n\u00e9ficie du tarif social, quel impact pour moi\u00a0?<\/strong><br \/>\nSi vous b\u00e9n\u00e9ficiez du tarif social, et que vous consommez de l\u2019\u00e9lectricit\u00e9 en r\u00e9gime bihoraire en Wallonie, le tarif social vous sera factur\u00e9 en tenant compte des nouvelles plages du bihoraire. Vous devrez donc vous aussi adapter vos habitudes de consommation d\u00e8s le 1er janvier 2026.<\/p>\n<p>J\u2019ai un compteur avec fonction pr\u00e9paiement activ\u00e9e, quelles sont les cons\u00e9quences pour moi\u00a0?<br \/>\nL\u2019horaire de votre compteur \u00e0 pr\u00e9paiement sera \u00e9galement adapt\u00e9 d\u00e8s le 01\/01\/2026. Vous devrez donc \u00eatre vigilant au moment o\u00f9 vous consommerez de l\u2019\u00e9lectricit\u00e9, particuli\u00e8rement le weekend puisque le weekend ne sera plus enti\u00e8rement en heures creuses.<\/p>\n<p><strong>Ce changement s\u2019appliquera-t-il \u00e0 tous les utilisateurs du r\u00e9seau\u00a0?<\/strong><br \/>\nLe changement des plages du bihoraire concerne tous les consommateurs raccord\u00e9s au r\u00e9seau basse tension, avec un niveau de puissance inf\u00e9rieur \u00e0 56 kVA, et qui sont \u00e9quip\u00e9s d\u2019un compteur communicant ou d\u2019un compteur \u00e9lectrom\u00e9canique.<\/p>\n<p>Pour les utilisateurs du r\u00e9seau basse tension dont la puissance de raccordement est sup\u00e9rieure \u00e0 56 kVA, seuls ceux dont la puissance de pr\u00e9l\u00e8vement n\u2019est pas mesur\u00e9e (compteur de type YMR) se verront appliquer les nouvelles plages du bihoraire \u00e0 partir du 01\/01\/2026.<\/p>\n<p>&nbsp;<\/p>\n","protected":false},"excerpt":{"rendered":"Le 1er janvier 2026, le bihoraire a chang\u00e9 d\u2019horaire ! Le bihoraire, c\u2019est le tarif qui \u00e9tablit une distinction entre les heures \u00ab\u00a0pleines\u00a0\u00bb, et les heures \u00ab\u00a0creuses\u00a0\u00bb. Les consommations d\u2019\u00e9lectricit\u00e9 enregistr\u00e9es pendant les heures pleines, habituellement de 7h \u00e0 22h en semaine, sont factur\u00e9es \u00e0 un tarif plus \u00e9lev\u00e9 que les consommations d\u2019\u00e9lectricit\u00e9 enregistr\u00e9es pendant [&hellip;]","protected":false},"author":2,"featured_media":18107,"comment_status":"closed","ping_status":"closed","sticky":false,"template":"","format":"standard","meta":{"_acf_changed":false,"footnotes":""},"categories":[71],"tags":[],"class_list":["post-18104","post","type-post","status-publish","format-standard","has-post-thumbnail","hentry","category-depuis-la-maison-communale"],"acf":[],"_links":{"self":[{"href":"https:\/\/www.kelmis.be\/fr\/wp-json\/wp\/v2\/posts\/18104","targetHints":{"allow":["GET"]}}],"collection":[{"href":"https:\/\/www.kelmis.be\/fr\/wp-json\/wp\/v2\/posts"}],"about":[{"href":"https:\/\/www.kelmis.be\/fr\/wp-json\/wp\/v2\/types\/post"}],"author":[{"embeddable":true,"href":"https:\/\/www.kelmis.be\/fr\/wp-json\/wp\/v2\/users\/2"}],"replies":[{"embeddable":true,"href":"https:\/\/www.kelmis.be\/fr\/wp-json\/wp\/v2\/comments?post=18104"}],"version-history":[{"count":1,"href":"https:\/\/www.kelmis.be\/fr\/wp-json\/wp\/v2\/posts\/18104\/revisions"}],"predecessor-version":[{"id":18108,"href":"https:\/\/www.kelmis.be\/fr\/wp-json\/wp\/v2\/posts\/18104\/revisions\/18108"}],"wp:featuredmedia":[{"embeddable":true,"href":"https:\/\/www.kelmis.be\/fr\/wp-json\/wp\/v2\/media\/18107"}],"wp:attachment":[{"href":"https:\/\/www.kelmis.be\/fr\/wp-json\/wp\/v2\/media?parent=18104"}],"wp:term":[{"taxonomy":"category","embeddable":true,"href":"https:\/\/www.kelmis.be\/fr\/wp-json\/wp\/v2\/categories?post=18104"},{"taxonomy":"post_tag","embeddable":true,"href":"https:\/\/www.kelmis.be\/fr\/wp-json\/wp\/v2\/tags?post=18104"}],"curies":[{"name":"wp","href":"https:\/\/api.w.org\/{rel}","templated":true}]}}