{"id":18097,"date":"2026-01-19T13:11:52","date_gmt":"2026-01-19T12:11:52","guid":{"rendered":"https:\/\/www.kelmis.be\/?p=18097"},"modified":"2026-01-19T13:11:52","modified_gmt":"2026-01-19T12:11:52","slug":"travaux-en-cours-dans-la-rue-de-hauset","status":"publish","type":"post","link":"https:\/\/www.kelmis.be\/fr\/circulation\/travaux-en-cours-dans-la-rue-de-hauset","title":{"rendered":"Travaux en cours dans la rue de Hauset"},"content":{"rendered":"<p>Le service technique du service Eau potable effectue actuellement des travaux dans la rue de Hauset. Les conduites en fonte vieillissantes sont remplac\u00e9es par des conduites d&rsquo;eau modernes en PVC. Dans les prochains jours, Glasfaser Ostbelgien rejoindra le chantier et posera des c\u00e2bles \u00e0 fibre optique dans la tranch\u00e9e. Il en va de m\u00eame pour l&rsquo;entreprise Sofico, qui \u00e9quipe simultan\u00e9ment le parc industriel Hochheid de la fibre optique.<\/p>\n<p>Au cours de l&rsquo;ann\u00e9e, le service Eau potable remplacera les conduites en fonte par des conduites en PVC \u00e0 d&rsquo;autres endroits. Nous vous tiendrons inform\u00e9s.<\/p>\n","protected":false},"excerpt":{"rendered":"Le service technique du service Eau potable effectue actuellement des travaux dans la rue de Hauset. Les conduites en fonte vieillissantes sont remplac\u00e9es par des conduites d&rsquo;eau modernes en PVC. Dans les prochains jours, Glasfaser Ostbelgien rejoindra le chantier et posera des c\u00e2bles \u00e0 fibre optique dans la tranch\u00e9e. Il en va de m\u00eame pour [&hellip;]","protected":false},"author":2,"featured_media":18098,"comment_status":"closed","ping_status":"closed","sticky":false,"template":"","format":"standard","meta":{"_acf_changed":false,"footnotes":""},"categories":[74],"tags":[],"class_list":["post-18097","post","type-post","status-publish","format-standard","has-post-thumbnail","hentry","category-circulation"],"acf":[],"_links":{"self":[{"href":"https:\/\/www.kelmis.be\/fr\/wp-json\/wp\/v2\/posts\/18097","targetHints":{"allow":["GET"]}}],"collection":[{"href":"https:\/\/www.kelmis.be\/fr\/wp-json\/wp\/v2\/posts"}],"about":[{"href":"https:\/\/www.kelmis.be\/fr\/wp-json\/wp\/v2\/types\/post"}],"author":[{"embeddable":true,"href":"https:\/\/www.kelmis.be\/fr\/wp-json\/wp\/v2\/users\/2"}],"replies":[{"embeddable":true,"href":"https:\/\/www.kelmis.be\/fr\/wp-json\/wp\/v2\/comments?post=18097"}],"version-history":[{"count":1,"href":"https:\/\/www.kelmis.be\/fr\/wp-json\/wp\/v2\/posts\/18097\/revisions"}],"predecessor-version":[{"id":18099,"href":"https:\/\/www.kelmis.be\/fr\/wp-json\/wp\/v2\/posts\/18097\/revisions\/18099"}],"wp:featuredmedia":[{"embeddable":true,"href":"https:\/\/www.kelmis.be\/fr\/wp-json\/wp\/v2\/media\/18098"}],"wp:attachment":[{"href":"https:\/\/www.kelmis.be\/fr\/wp-json\/wp\/v2\/media?parent=18097"}],"wp:term":[{"taxonomy":"category","embeddable":true,"href":"https:\/\/www.kelmis.be\/fr\/wp-json\/wp\/v2\/categories?post=18097"},{"taxonomy":"post_tag","embeddable":true,"href":"https:\/\/www.kelmis.be\/fr\/wp-json\/wp\/v2\/tags?post=18097"}],"curies":[{"name":"wp","href":"https:\/\/api.w.org\/{rel}","templated":true}]}}