{"id":18076,"date":"2026-01-18T14:42:21","date_gmt":"2026-01-18T13:42:21","guid":{"rendered":"https:\/\/www.kelmis.be\/?p=18076"},"modified":"2026-01-18T14:48:26","modified_gmt":"2026-01-18T13:48:26","slug":"de-nombreuses-mises-a-lhonneur-lors-de-la-reception-du-nouvel-an","status":"publish","type":"post","link":"https:\/\/www.kelmis.be\/fr\/actualite-dans-la-commune\/de-nombreuses-mises-a-lhonneur-lors-de-la-reception-du-nouvel-an","title":{"rendered":"De nombreuses mises \u00e0 l&rsquo;honneur lors de la r\u00e9ception du Nouvel An"},"content":{"rendered":"<p>Dimanche, la r\u00e9ception du Nouvel An de la commune a eu lieu au Patronage. Apr\u00e8s une introduction de la directrice g\u00e9n\u00e9rale Nathalie Wimmer et le discours du bourgmestre Daniel Hilligsmann, plusieurs collaborateurs et collaboratrices m\u00e9ritants de l\u2019administration, du d\u00e9p\u00f4t communal et du CPAS ont \u00e9t\u00e9 honor\u00e9s.<\/p>\n<p><strong>Administration et d\u00e9p\u00f4t communal<\/strong><\/p>\n<p><strong>20 ans de service<\/strong><\/p>\n<p>Tommy Rehfeld<\/p>\n<p>Georges Pifas<\/p>\n<p>(tous deux au d\u00e9p\u00f4t communal)<\/p>\n<p><strong>30 ans de service<\/strong><\/p>\n<p>Bianca Dries-Goblet<\/p>\n<p>Oliver Luchte<\/p>\n<p>(tous deux \u00e0 l&rsquo;administration)<\/p>\n<p><strong>35 ans de service<\/strong><\/p>\n<p>Denise Pauquay (administration)<\/p>\n<p>Thierry Barth (directeur financier de la commune, receveur du CPAS)<\/p>\n<p><strong>40 ans<\/strong><\/p>\n<p>Patricia Baumgarten (administration)<\/p>\n<p>Jacky Aussems<\/p>\n<p>Pierrot Conrath (tous deux au d\u00e9p\u00f4t communal)\u00a0;<\/p>\n<p><strong>CPAS<\/strong><\/p>\n<p><strong>20 ans de service<\/strong><br \/>\nGitte Tomovic<br \/>\nEdgar C\u00fcrtz<\/p>\n<p><strong>25 ans de service<\/strong><\/p>\n<p>Nadine Pelzer<\/p>\n<p><strong>30 ans de service<\/strong><\/p>\n<p>Yves Kever<\/p>\n<p><strong>40 ans de service<\/strong><br \/>\nArlette Gerkens<br \/>\nPatricia Remy<\/p>\n<p>La brigade des jeunes pompiers de La Calamine et l&rsquo;archer Samuel Gomez-Klinkenberg, qui a remport\u00e9 de nombreux succ\u00e8s, ont \u00e9galement \u00e9t\u00e9 honor\u00e9s.<\/p>\n","protected":false},"excerpt":{"rendered":"Dimanche, la r\u00e9ception du Nouvel An de la commune a eu lieu au Patronage. Apr\u00e8s une introduction de la directrice g\u00e9n\u00e9rale Nathalie Wimmer et le discours du bourgmestre Daniel Hilligsmann, plusieurs collaborateurs et collaboratrices m\u00e9ritants de l\u2019administration, du d\u00e9p\u00f4t communal et du CPAS ont \u00e9t\u00e9 honor\u00e9s. Administration et d\u00e9p\u00f4t communal 20 ans de service Tommy [&hellip;]","protected":false},"author":2,"featured_media":18077,"comment_status":"closed","ping_status":"closed","sticky":false,"template":"","format":"standard","meta":{"_acf_changed":false,"footnotes":""},"categories":[70],"tags":[],"class_list":["post-18076","post","type-post","status-publish","format-standard","has-post-thumbnail","hentry","category-actualite-dans-la-commune"],"acf":[],"_links":{"self":[{"href":"https:\/\/www.kelmis.be\/fr\/wp-json\/wp\/v2\/posts\/18076","targetHints":{"allow":["GET"]}}],"collection":[{"href":"https:\/\/www.kelmis.be\/fr\/wp-json\/wp\/v2\/posts"}],"about":[{"href":"https:\/\/www.kelmis.be\/fr\/wp-json\/wp\/v2\/types\/post"}],"author":[{"embeddable":true,"href":"https:\/\/www.kelmis.be\/fr\/wp-json\/wp\/v2\/users\/2"}],"replies":[{"embeddable":true,"href":"https:\/\/www.kelmis.be\/fr\/wp-json\/wp\/v2\/comments?post=18076"}],"version-history":[{"count":3,"href":"https:\/\/www.kelmis.be\/fr\/wp-json\/wp\/v2\/posts\/18076\/revisions"}],"predecessor-version":[{"id":18087,"href":"https:\/\/www.kelmis.be\/fr\/wp-json\/wp\/v2\/posts\/18076\/revisions\/18087"}],"wp:featuredmedia":[{"embeddable":true,"href":"https:\/\/www.kelmis.be\/fr\/wp-json\/wp\/v2\/media\/18077"}],"wp:attachment":[{"href":"https:\/\/www.kelmis.be\/fr\/wp-json\/wp\/v2\/media?parent=18076"}],"wp:term":[{"taxonomy":"category","embeddable":true,"href":"https:\/\/www.kelmis.be\/fr\/wp-json\/wp\/v2\/categories?post=18076"},{"taxonomy":"post_tag","embeddable":true,"href":"https:\/\/www.kelmis.be\/fr\/wp-json\/wp\/v2\/tags?post=18076"}],"curies":[{"name":"wp","href":"https:\/\/api.w.org\/{rel}","templated":true}]}}