{"id":18060,"date":"2026-01-15T13:45:42","date_gmt":"2026-01-15T12:45:42","guid":{"rendered":"https:\/\/www.kelmis.be\/?p=18060"},"modified":"2026-01-19T11:58:34","modified_gmt":"2026-01-19T10:58:34","slug":"ores-entamera-des-travaux-dans-la-zone-teckenbusch-soufflet-ce-vendredi","status":"publish","type":"post","link":"https:\/\/www.kelmis.be\/fr\/circulation\/ores-entamera-des-travaux-dans-la-zone-teckenbusch-soufflet-ce-vendredi","title":{"rendered":"Ores entamera des travaux dans la zone Teckenbusch\/Soufflet ce vendredi"},"content":{"rendered":"<p>Vendredi, l&rsquo;intercommunale Ores entamera des travaux dans la zone routi\u00e8re Teckenbusch\/Soufflet. De nouveaux c\u00e2bles seront pos\u00e9s (notamment des c\u00e2bles 400 Vol) et le r\u00e9seau sera renforc\u00e9. Le chantier durera au moins un mois et se situera sur le c\u00f4t\u00e9 droit, en descendant vers Teckenbusch.<\/p>\n","protected":false},"excerpt":{"rendered":"Vendredi, l&rsquo;intercommunale Ores entamera des travaux dans la zone routi\u00e8re Teckenbusch\/Soufflet. De nouveaux c\u00e2bles seront pos\u00e9s (notamment des c\u00e2bles 400 Vol) et le r\u00e9seau sera renforc\u00e9. Le chantier durera au moins un mois et se situera sur le c\u00f4t\u00e9 droit, en descendant vers Teckenbusch.","protected":false},"author":2,"featured_media":18061,"comment_status":"closed","ping_status":"closed","sticky":false,"template":"","format":"standard","meta":{"_acf_changed":false,"footnotes":""},"categories":[74],"tags":[],"class_list":["post-18060","post","type-post","status-publish","format-standard","has-post-thumbnail","hentry","category-circulation"],"acf":[],"_links":{"self":[{"href":"https:\/\/www.kelmis.be\/fr\/wp-json\/wp\/v2\/posts\/18060","targetHints":{"allow":["GET"]}}],"collection":[{"href":"https:\/\/www.kelmis.be\/fr\/wp-json\/wp\/v2\/posts"}],"about":[{"href":"https:\/\/www.kelmis.be\/fr\/wp-json\/wp\/v2\/types\/post"}],"author":[{"embeddable":true,"href":"https:\/\/www.kelmis.be\/fr\/wp-json\/wp\/v2\/users\/2"}],"replies":[{"embeddable":true,"href":"https:\/\/www.kelmis.be\/fr\/wp-json\/wp\/v2\/comments?post=18060"}],"version-history":[{"count":2,"href":"https:\/\/www.kelmis.be\/fr\/wp-json\/wp\/v2\/posts\/18060\/revisions"}],"predecessor-version":[{"id":18090,"href":"https:\/\/www.kelmis.be\/fr\/wp-json\/wp\/v2\/posts\/18060\/revisions\/18090"}],"wp:featuredmedia":[{"embeddable":true,"href":"https:\/\/www.kelmis.be\/fr\/wp-json\/wp\/v2\/media\/18061"}],"wp:attachment":[{"href":"https:\/\/www.kelmis.be\/fr\/wp-json\/wp\/v2\/media?parent=18060"}],"wp:term":[{"taxonomy":"category","embeddable":true,"href":"https:\/\/www.kelmis.be\/fr\/wp-json\/wp\/v2\/categories?post=18060"},{"taxonomy":"post_tag","embeddable":true,"href":"https:\/\/www.kelmis.be\/fr\/wp-json\/wp\/v2\/tags?post=18060"}],"curies":[{"name":"wp","href":"https:\/\/api.w.org\/{rel}","templated":true}]}}