{"id":18050,"date":"2026-01-14T19:38:43","date_gmt":"2026-01-14T18:38:43","guid":{"rendered":"https:\/\/www.kelmis.be\/?p=18050"},"modified":"2026-01-14T20:09:38","modified_gmt":"2026-01-14T19:09:38","slug":"premiere-reunion-de-travail-de-notre-conseil-communal-des-enfants-ce-mercredi-apres-midi","status":"publish","type":"post","link":"https:\/\/www.kelmis.be\/fr\/depuis-la-maison-communale\/premiere-reunion-de-travail-de-notre-conseil-communal-des-enfants-ce-mercredi-apres-midi","title":{"rendered":"Premi\u00e8re r\u00e9union de travail de notre conseil communal des enfants ce mercredi apr\u00e8s-midi"},"content":{"rendered":"<p>Mercredi apr\u00e8s-midi, le conseil communal des enfants de La Calamine a commenc\u00e9 son travail. Apr\u00e8s leur prestation de serment le 11 d\u00e9cembre, les 21 \u00e9coliers et \u00e9coli\u00e8res sont pass\u00e9s aux choses s\u00e9rieuses. Pendant deux heures, les gar\u00e7ons et les filles ont pr\u00e9sent\u00e9 les th\u00e8mes pour lesquels ils avaient fait campagne afin de convaincre leurs camarades de classe de voter pour eux\/elles.<\/p>\n<p>Les enfants des \u00e9coles communales de La Calamine et Hergenrath ainsi que de l&rsquo;Ath\u00e9n\u00e9e C\u00e9sar Franck avaient bien pr\u00e9par\u00e9 leurs dossiers mercredi et ont int\u00e9gr\u00e9 leurs id\u00e9es dans des propositions concr\u00e8tes. Les \u00e9chevines Nadine Rotheudt et Sandy Nyssen, responsables du conseil communal des enfants, ont bien pris note et ont ensuite d\u00e9fini les priorit\u00e9s avec les enfants \u00e0 l&rsquo;issue de cette premi\u00e8re s\u00e9rie de pr\u00e9sentations de projets.<\/p>\n<p>Il s&rsquo;est av\u00e9r\u00e9 que la protection de l&rsquo;environnement, entre autres, est tr\u00e8s importante pour les jeunes politiciens et politiciennes. Concr\u00e8tement, les filles et les gar\u00e7ons pensent \u00e0 des actions de ramassage des d\u00e9chets sur le territoire de la commune. La mise en \u0153uvre est en cours.<\/p>\n<p>La prochaine r\u00e9union du conseil communal des enfants aura lieu le 11 mars dans la salle du conseil de la maison communale.<\/p>\n<p>&nbsp;<\/p>\n","protected":false},"excerpt":{"rendered":"Mercredi apr\u00e8s-midi, le conseil communal des enfants de La Calamine a commenc\u00e9 son travail. Apr\u00e8s leur prestation de serment le 11 d\u00e9cembre, les 21 \u00e9coliers et \u00e9coli\u00e8res sont pass\u00e9s aux choses s\u00e9rieuses. Pendant deux heures, les gar\u00e7ons et les filles ont pr\u00e9sent\u00e9 les th\u00e8mes pour lesquels ils avaient fait campagne afin de convaincre leurs camarades [&hellip;]","protected":false},"author":2,"featured_media":18035,"comment_status":"closed","ping_status":"closed","sticky":false,"template":"","format":"standard","meta":{"_acf_changed":false,"footnotes":""},"categories":[71],"tags":[],"class_list":["post-18050","post","type-post","status-publish","format-standard","has-post-thumbnail","hentry","category-depuis-la-maison-communale"],"acf":[],"_links":{"self":[{"href":"https:\/\/www.kelmis.be\/fr\/wp-json\/wp\/v2\/posts\/18050","targetHints":{"allow":["GET"]}}],"collection":[{"href":"https:\/\/www.kelmis.be\/fr\/wp-json\/wp\/v2\/posts"}],"about":[{"href":"https:\/\/www.kelmis.be\/fr\/wp-json\/wp\/v2\/types\/post"}],"author":[{"embeddable":true,"href":"https:\/\/www.kelmis.be\/fr\/wp-json\/wp\/v2\/users\/2"}],"replies":[{"embeddable":true,"href":"https:\/\/www.kelmis.be\/fr\/wp-json\/wp\/v2\/comments?post=18050"}],"version-history":[{"count":2,"href":"https:\/\/www.kelmis.be\/fr\/wp-json\/wp\/v2\/posts\/18050\/revisions"}],"predecessor-version":[{"id":18056,"href":"https:\/\/www.kelmis.be\/fr\/wp-json\/wp\/v2\/posts\/18050\/revisions\/18056"}],"wp:featuredmedia":[{"embeddable":true,"href":"https:\/\/www.kelmis.be\/fr\/wp-json\/wp\/v2\/media\/18035"}],"wp:attachment":[{"href":"https:\/\/www.kelmis.be\/fr\/wp-json\/wp\/v2\/media?parent=18050"}],"wp:term":[{"taxonomy":"category","embeddable":true,"href":"https:\/\/www.kelmis.be\/fr\/wp-json\/wp\/v2\/categories?post=18050"},{"taxonomy":"post_tag","embeddable":true,"href":"https:\/\/www.kelmis.be\/fr\/wp-json\/wp\/v2\/tags?post=18050"}],"curies":[{"name":"wp","href":"https:\/\/api.w.org\/{rel}","templated":true}]}}