{"id":17986,"date":"2026-01-13T14:27:43","date_gmt":"2026-01-13T13:27:43","guid":{"rendered":"https:\/\/www.kelmis.be\/?p=17986"},"modified":"2026-01-13T14:27:43","modified_gmt":"2026-01-13T13:27:43","slug":"derniers-jours-de-lexpo-collective-au-musee","status":"publish","type":"post","link":"https:\/\/www.kelmis.be\/fr\/evenement\/derniers-jours-de-lexpo-collective-au-musee","title":{"rendered":"Derniers jours de l&rsquo;expo collective au mus\u00e9e"},"content":{"rendered":"<p>Derni\u00e8re occasion cette semaine (jusqu&rsquo;\u00e0 vendredi inclus) de visiter l&rsquo;exposition collective \u00ab Unsere Zukunft \u2013 Tr\u00e4ume, Utopien &amp; Superkr\u00e4fte \u00bb (\u00ab Notre avenir \u2013 r\u00eaves, utopies et super pouvoirs \u00bb) organis\u00e9e par l\u2019Atelier cr\u00e9atif \u00a0et le mus\u00e9e Vieille Montagne.<\/p>\n<p>Depuis le 3 octobre, les \u0153uvres des \u00e9l\u00e8ves de La Calamine sont expos\u00e9es au mus\u00e9e Vieille Montagne. Les \u0153uvres d&rsquo;art des jeunes ont \u00e9t\u00e9 r\u00e9alis\u00e9es dans le cadre des ateliers de vacances de l&rsquo;Atelier cr\u00e9atif et traitent des visions d&rsquo;avenir des jeunes.<\/p>\n<p>Selon la devise \u00ab Moi dans le futur ! \u00bb, chaque enfant r\u00e9alise un autoportrait de lui-m\u00eame dans le futur : les enfants peuvent se repr\u00e9senter en super-h\u00e9ros ou en professionnels, avec des super-pouvoirs ou avec des cheveux gris et des rides, dans l&rsquo;espace ou dans le d\u00e9sert \u2013 leur imagination n&rsquo;a pas de limites.<\/p>\n<p>Informations sur les heures d&rsquo;ouverture du mus\u00e9e <strong><a href=\"https:\/\/www.mvm-kelmis.be\/fr\">ici<\/a><\/strong>.<\/p>\n<p>&nbsp;<\/p>\n","protected":false},"excerpt":{"rendered":"Derni\u00e8re occasion cette semaine (jusqu&rsquo;\u00e0 vendredi inclus) de visiter l&rsquo;exposition collective \u00ab Unsere Zukunft \u2013 Tr\u00e4ume, Utopien &amp; Superkr\u00e4fte \u00bb (\u00ab Notre avenir \u2013 r\u00eaves, utopies et super pouvoirs \u00bb) organis\u00e9e par l\u2019Atelier cr\u00e9atif \u00a0et le mus\u00e9e Vieille Montagne. Depuis le 3 octobre, les \u0153uvres des \u00e9l\u00e8ves de La Calamine sont expos\u00e9es au mus\u00e9e Vieille [&hellip;]","protected":false},"author":2,"featured_media":17987,"comment_status":"closed","ping_status":"closed","sticky":false,"template":"","format":"standard","meta":{"_acf_changed":false,"footnotes":""},"categories":[73],"tags":[],"class_list":["post-17986","post","type-post","status-publish","format-standard","has-post-thumbnail","hentry","category-evenement"],"acf":[],"_links":{"self":[{"href":"https:\/\/www.kelmis.be\/fr\/wp-json\/wp\/v2\/posts\/17986","targetHints":{"allow":["GET"]}}],"collection":[{"href":"https:\/\/www.kelmis.be\/fr\/wp-json\/wp\/v2\/posts"}],"about":[{"href":"https:\/\/www.kelmis.be\/fr\/wp-json\/wp\/v2\/types\/post"}],"author":[{"embeddable":true,"href":"https:\/\/www.kelmis.be\/fr\/wp-json\/wp\/v2\/users\/2"}],"replies":[{"embeddable":true,"href":"https:\/\/www.kelmis.be\/fr\/wp-json\/wp\/v2\/comments?post=17986"}],"version-history":[{"count":1,"href":"https:\/\/www.kelmis.be\/fr\/wp-json\/wp\/v2\/posts\/17986\/revisions"}],"predecessor-version":[{"id":17988,"href":"https:\/\/www.kelmis.be\/fr\/wp-json\/wp\/v2\/posts\/17986\/revisions\/17988"}],"wp:featuredmedia":[{"embeddable":true,"href":"https:\/\/www.kelmis.be\/fr\/wp-json\/wp\/v2\/media\/17987"}],"wp:attachment":[{"href":"https:\/\/www.kelmis.be\/fr\/wp-json\/wp\/v2\/media?parent=17986"}],"wp:term":[{"taxonomy":"category","embeddable":true,"href":"https:\/\/www.kelmis.be\/fr\/wp-json\/wp\/v2\/categories?post=17986"},{"taxonomy":"post_tag","embeddable":true,"href":"https:\/\/www.kelmis.be\/fr\/wp-json\/wp\/v2\/tags?post=17986"}],"curies":[{"name":"wp","href":"https:\/\/api.w.org\/{rel}","templated":true}]}}