{"id":17977,"date":"2026-01-12T19:31:01","date_gmt":"2026-01-12T18:31:01","guid":{"rendered":"https:\/\/www.kelmis.be\/?p=17977"},"modified":"2026-01-12T19:31:01","modified_gmt":"2026-01-12T18:31:01","slug":"beaucoup-de-travail-pour-le-service-hivernal-de-notre-depot-communal","status":"publish","type":"post","link":"https:\/\/www.kelmis.be\/fr\/non-classifiee\/beaucoup-de-travail-pour-le-service-hivernal-de-notre-depot-communal","title":{"rendered":"Beaucoup de travail pour le service hivernal de notre d\u00e9p\u00f4t communal"},"content":{"rendered":"<p>Au cours des deux derniers week-ends, le service hivernal de notre d\u00e9p\u00f4t communal a eu fort \u00e0 faire. Les chutes de neige ont mis \u00e0 rude \u00e9preuve les 77 kilom\u00e8tres de r\u00e9seau routier de notre commune.<\/p>\n<p>Pendant la p\u00e9riode hivernale, le d\u00e9p\u00f4t travaille avec quatre \u00e9quipes de garde, coordonn\u00e9es par le chef du d\u00e9p\u00f4t, Marc Krauth, et trois de ses coll\u00e8gues.\u00a0 Les \u00e9quipes de garde sont compos\u00e9es de trois personnes qui interviennent \u00e0 tour de r\u00f4le pour la population. Nos collaborateurs sont au volant d&rsquo;un camion, sont copilotes ou conduisent un tracteur. Avec ces deux v\u00e9hicules, ils d\u00e9neigent les routes. Notre d\u00e9p\u00f4t dispose de 220 tonnes de sel de d\u00e9neigement par an.<\/p>\n<p>\u00ab Nous sommes en service 24 heures sur 24 \u00bb, explique Marc Krauth. Afin de toujours garder un \u0153il sur la m\u00e9t\u00e9o, l&rsquo;\u00e9quipe utilise une application sp\u00e9ciale. \u00ab N\u00e9anmoins, nous examinons toujours la situation par nous-m\u00eames et sortons la nuit pour nous faire une id\u00e9e g\u00e9n\u00e9rale. C&rsquo;est alors que nous d\u00e9cidons des mesures \u00e0 prendre. \u00bb<\/p>\n<p>En plus du d\u00e9neigement des routes, le d\u00e9p\u00f4t veille \u00e9galement \u00e0 la s\u00e9curit\u00e9 des trottoirs et des chemins pi\u00e9tonniers devant les b\u00e2timents publics sur le territoire communal. \u00ab Deux membres du Service vert sont ici en permanence \u00bb, explique Marc Krauth.<\/p>\n<p>Les services de garde du d\u00e9p\u00f4t communal fonctionnent du vendredi au vendredi.<\/p>\n","protected":false},"excerpt":{"rendered":"Au cours des deux derniers week-ends, le service hivernal de notre d\u00e9p\u00f4t communal a eu fort \u00e0 faire. Les chutes de neige ont mis \u00e0 rude \u00e9preuve les 77 kilom\u00e8tres de r\u00e9seau routier de notre commune. Pendant la p\u00e9riode hivernale, le d\u00e9p\u00f4t travaille avec quatre \u00e9quipes de garde, coordonn\u00e9es par le chef du d\u00e9p\u00f4t, Marc [&hellip;]","protected":false},"author":2,"featured_media":17978,"comment_status":"closed","ping_status":"closed","sticky":false,"template":"","format":"standard","meta":{"_acf_changed":false,"footnotes":""},"categories":[4],"tags":[],"class_list":["post-17977","post","type-post","status-publish","format-standard","has-post-thumbnail","hentry","category-non-classifiee"],"acf":[],"_links":{"self":[{"href":"https:\/\/www.kelmis.be\/fr\/wp-json\/wp\/v2\/posts\/17977","targetHints":{"allow":["GET"]}}],"collection":[{"href":"https:\/\/www.kelmis.be\/fr\/wp-json\/wp\/v2\/posts"}],"about":[{"href":"https:\/\/www.kelmis.be\/fr\/wp-json\/wp\/v2\/types\/post"}],"author":[{"embeddable":true,"href":"https:\/\/www.kelmis.be\/fr\/wp-json\/wp\/v2\/users\/2"}],"replies":[{"embeddable":true,"href":"https:\/\/www.kelmis.be\/fr\/wp-json\/wp\/v2\/comments?post=17977"}],"version-history":[{"count":1,"href":"https:\/\/www.kelmis.be\/fr\/wp-json\/wp\/v2\/posts\/17977\/revisions"}],"predecessor-version":[{"id":17979,"href":"https:\/\/www.kelmis.be\/fr\/wp-json\/wp\/v2\/posts\/17977\/revisions\/17979"}],"wp:featuredmedia":[{"embeddable":true,"href":"https:\/\/www.kelmis.be\/fr\/wp-json\/wp\/v2\/media\/17978"}],"wp:attachment":[{"href":"https:\/\/www.kelmis.be\/fr\/wp-json\/wp\/v2\/media?parent=17977"}],"wp:term":[{"taxonomy":"category","embeddable":true,"href":"https:\/\/www.kelmis.be\/fr\/wp-json\/wp\/v2\/categories?post=17977"},{"taxonomy":"post_tag","embeddable":true,"href":"https:\/\/www.kelmis.be\/fr\/wp-json\/wp\/v2\/tags?post=17977"}],"curies":[{"name":"wp","href":"https:\/\/api.w.org\/{rel}","templated":true}]}}