{"id":17970,"date":"2026-01-12T14:37:16","date_gmt":"2026-01-12T13:37:16","guid":{"rendered":"https:\/\/www.kelmis.be\/?p=17970"},"modified":"2026-01-12T19:41:32","modified_gmt":"2026-01-12T18:41:32","slug":"la-collecte-des-sapins-de-noel-a-lieu-ce-vendredi-16-janvier","status":"publish","type":"post","link":"https:\/\/www.kelmis.be\/fr\/actualite-dans-la-commune\/la-collecte-des-sapins-de-noel-a-lieu-ce-vendredi-16-janvier","title":{"rendered":"La collecte des sapins de No\u00ebl a lieu ce vendredi 16 janvier"},"content":{"rendered":"<p>Nous vous informons que l&rsquo;entreprise sociale BISA proc\u00e9dera \u00e0 la collecte des sapins de No\u00ebl dans toute la commune le vendredi 16 janvier.<\/p>\n<p>Les sapins doivent \u00eatre d\u00e9pos\u00e9s au bord de la route avant 7 heures, sans d\u00e9corations.<\/p>\n<p>Si vous oubliez de les sortir, vous devrez les apporter vous-m\u00eame au recyparc. Le recyparc est ouvert du mardi au vendredi, de 9h \u00e0 12h30 et de 13h \u00e0 17h, ainsi que le samedi, de 8h \u00e0 12h30 et de 13h \u00e0 17h.<\/p>\n<p>Les sapins seront compost\u00e9s et trouveront ainsi une nouvelle utilit\u00e9 dans l&rsquo;agriculture et l&rsquo;horticulture.<\/p>\n","protected":false},"excerpt":{"rendered":"Nous vous informons que l&rsquo;entreprise sociale BISA proc\u00e9dera \u00e0 la collecte des sapins de No\u00ebl dans toute la commune le vendredi 16 janvier. Les sapins doivent \u00eatre d\u00e9pos\u00e9s au bord de la route avant 7 heures, sans d\u00e9corations. Si vous oubliez de les sortir, vous devrez les apporter vous-m\u00eame au recyparc. Le recyparc est ouvert [&hellip;]","protected":false},"author":2,"featured_media":17971,"comment_status":"closed","ping_status":"closed","sticky":false,"template":"","format":"standard","meta":{"_acf_changed":false,"footnotes":""},"categories":[70],"tags":[],"class_list":["post-17970","post","type-post","status-publish","format-standard","has-post-thumbnail","hentry","category-actualite-dans-la-commune"],"acf":[],"_links":{"self":[{"href":"https:\/\/www.kelmis.be\/fr\/wp-json\/wp\/v2\/posts\/17970","targetHints":{"allow":["GET"]}}],"collection":[{"href":"https:\/\/www.kelmis.be\/fr\/wp-json\/wp\/v2\/posts"}],"about":[{"href":"https:\/\/www.kelmis.be\/fr\/wp-json\/wp\/v2\/types\/post"}],"author":[{"embeddable":true,"href":"https:\/\/www.kelmis.be\/fr\/wp-json\/wp\/v2\/users\/2"}],"replies":[{"embeddable":true,"href":"https:\/\/www.kelmis.be\/fr\/wp-json\/wp\/v2\/comments?post=17970"}],"version-history":[{"count":2,"href":"https:\/\/www.kelmis.be\/fr\/wp-json\/wp\/v2\/posts\/17970\/revisions"}],"predecessor-version":[{"id":17980,"href":"https:\/\/www.kelmis.be\/fr\/wp-json\/wp\/v2\/posts\/17970\/revisions\/17980"}],"wp:featuredmedia":[{"embeddable":true,"href":"https:\/\/www.kelmis.be\/fr\/wp-json\/wp\/v2\/media\/17971"}],"wp:attachment":[{"href":"https:\/\/www.kelmis.be\/fr\/wp-json\/wp\/v2\/media?parent=17970"}],"wp:term":[{"taxonomy":"category","embeddable":true,"href":"https:\/\/www.kelmis.be\/fr\/wp-json\/wp\/v2\/categories?post=17970"},{"taxonomy":"post_tag","embeddable":true,"href":"https:\/\/www.kelmis.be\/fr\/wp-json\/wp\/v2\/tags?post=17970"}],"curies":[{"name":"wp","href":"https:\/\/api.w.org\/{rel}","templated":true}]}}