{"id":17960,"date":"2026-01-08T17:25:24","date_gmt":"2026-01-08T16:25:24","guid":{"rendered":"https:\/\/www.kelmis.be\/?p=17960"},"modified":"2026-01-13T15:49:03","modified_gmt":"2026-01-13T14:49:03","slug":"nouvel-agent-constatateur-cedric-vanaschen-a-pris-ses-fonctions","status":"publish","type":"post","link":"https:\/\/www.kelmis.be\/fr\/actualite-dans-la-commune\/nouvel-agent-constatateur-cedric-vanaschen-a-pris-ses-fonctions","title":{"rendered":"Nouvel agent constatateur : C\u00e9dric Vanaschen a pris ses fonctions"},"content":{"rendered":"<p>C\u00e9dric Vanaschen a pris ses fonctions en d\u00e9but de semaine. \u00c2g\u00e9 de 27 ans et originaire de La Calamine, il est le nouvel agent constatateur de la commune. C\u00e9dric contr\u00f4le les voitures gar\u00e9es dans les zones de stationnement bleues d\u00e9sign\u00e9es. Les contr\u00f4les ont lieu en semaine entre 9h et 12h et entre 14h et 18h. Il n&rsquo;y a pas de contr\u00f4le pendant la pause de midi (12-14 heures). Le samedi, le contr\u00f4le s&rsquo;effectue de 9 h \u00e0 16 h, sans pause de midi.<\/p>\n<p>La r\u00e8gle de stationnement est la suivante : dans les zones bleues mentionn\u00e9es, le stationnement est gratuit pendant une heure (ou seulement une demi-heure dans des cas exceptionnels sp\u00e9cialement signal\u00e9s), \u00e0 condition qu&rsquo;une carte de stationnement bleue indiquant la dur\u00e9e de stationnement correcte soit ins\u00e9r\u00e9e. Si ce n&rsquo;est pas le cas, une amende de 30 euros est inflig\u00e9e.<\/p>\n<p>Outre le contr\u00f4le des zones bleues, C\u00e9dric Vanaschen v\u00e9rifiera \u00e0 l&rsquo;avenir l&rsquo;ensemble des r\u00e8gles de stationnement (voitures gar\u00e9es ou \u00e0 l\u2019arr\u00eat) et suivra une formation appropri\u00e9e \u00e0 cet effet.<\/p>\n<p><strong>O\u00f9 se situent les zones bleues?<\/strong><\/p>\n<p>Toute personne stationnant sans disque de stationnement dans une zone bleue d\u00e9sign\u00e9e se verra infliger une amende journali\u00e8re de 15 euros. Certaines professions ont la possibilit\u00e9 de demander des cartes de stationnement longue dur\u00e9e : les m\u00e9decins, les membres d&rsquo;un service de soins \u00e0 domicile et les artisans peuvent ainsi demander une carte de stationnement pour une dur\u00e9e d&rsquo;une semaine (10 euros) ou d&rsquo;un mois (35 euros). Cette demande est examin\u00e9e et approuv\u00e9e si toutes les conditions sont remplies. Les personnes concern\u00e9es trouveront les formulaires de demande correspondants dans la zone de t\u00e9l\u00e9chargement. La carte de stationnement n&rsquo;est valable que dans le cadre de l&rsquo;exercice de la profession.<\/p>\n<p>Les titulaires d&rsquo;une carte d&rsquo;invalidit\u00e9 peuvent stationner sans limitation de dur\u00e9e sur les places de stationnement sp\u00e9cialement r\u00e9serv\u00e9es aux personnes handicap\u00e9es ainsi que sur les places de stationnement normales. Seuls le titulaire de la carte d&rsquo;invalidit\u00e9 ou un accompagnateur en pr\u00e9sence de la personne handicap\u00e9e sont autoris\u00e9s \u00e0 stationner sur la base de la carte d&rsquo;invalidit\u00e9. La carte d&rsquo;invalidit\u00e9 doit \u00eatre plac\u00e9e de mani\u00e8re visible derri\u00e8re le pare-brise, avec le code-barres ou le code QR.<\/p>\n<p>Les zones bleues se trouvent principalement dans le \u00ab huit \u00bb au centre du village et sur la Rue de Li\u00e8ge. Le contr\u00f4le de la zone doit permettre une fluctuation du stationnement devant les magasins.<\/p>\n<p>Des places de stationnement gratuites \u00e0 proximit\u00e9 du centre se trouvent sur la Coul, au terrain de football ou au Casinoweiher.<\/p>\n<p><strong>Voici un aper\u00e7u des zones bleues:<\/strong><\/p>\n<p>Zone bleue 60 minutes : place de l&rsquo;<span style=\"font-size: 10.5pt; font-family: 'Open Sans',sans-serif; color: #333333;\">\u00c9glise, rue Chapelle, rue Albert<\/span> (sauf devant la boulangerie Otten et EU-Immobilien), rue de Li\u00e8ge (du coin de la rue Max jusqu&rsquo;au 242 rue de Li\u00e8ge, des deux c\u00f4t\u00e9s), rue Thim (sauf devant la boucherie Gatz), Kirchstra\u00dfe (sauf en face de la pharmacie Bourdouxhe, rue de l&rsquo;<span style=\"font-size: 10.5pt; font-family: 'Open Sans',sans-serif; color: #333333;\">\u00c9glise <\/span>12) ; parking dans la rue du Patronage (en face de \u00abSchmetse Jupp\u00bb)<\/p>\n<p>Zone bleue 30 minutes : rue Albert devant la boulangerie Otten et EU-Immobilien ; rue Thim devant la boucherie Gatz ; une zone en face de la pharmacie Bourdouxhe dans la partie basse de la rue de l&rsquo;<span style=\"font-size: 10.5pt; font-family: 'Open Sans',sans-serif; color: #333333;\">\u00c9glise<\/span> ; rue de Li\u00e8ge de la boulangerie Wertz \u00e0 la pharmacie V-Pharma ; \u00e0 Hergenrath dans la rue d&rsquo;Aix-La-Chapelle, pr\u00e8s de la compagnie d&rsquo;assurance Janssen.<\/p>\n<p>&nbsp;<\/p>\n<p>&nbsp;<\/p>\n<p>&nbsp;<\/p>\n","protected":false},"excerpt":{"rendered":"C\u00e9dric Vanaschen a pris ses fonctions en d\u00e9but de semaine. \u00c2g\u00e9 de 27 ans et originaire de La Calamine, il est le nouvel agent constatateur de la commune. C\u00e9dric contr\u00f4le les voitures gar\u00e9es dans les zones de stationnement bleues d\u00e9sign\u00e9es. Les contr\u00f4les ont lieu en semaine entre 9h et 12h et entre 14h et 18h. [&hellip;]","protected":false},"author":2,"featured_media":17961,"comment_status":"closed","ping_status":"closed","sticky":false,"template":"","format":"standard","meta":{"_acf_changed":false,"footnotes":""},"categories":[70],"tags":[],"class_list":["post-17960","post","type-post","status-publish","format-standard","has-post-thumbnail","hentry","category-actualite-dans-la-commune"],"acf":[],"_links":{"self":[{"href":"https:\/\/www.kelmis.be\/fr\/wp-json\/wp\/v2\/posts\/17960","targetHints":{"allow":["GET"]}}],"collection":[{"href":"https:\/\/www.kelmis.be\/fr\/wp-json\/wp\/v2\/posts"}],"about":[{"href":"https:\/\/www.kelmis.be\/fr\/wp-json\/wp\/v2\/types\/post"}],"author":[{"embeddable":true,"href":"https:\/\/www.kelmis.be\/fr\/wp-json\/wp\/v2\/users\/2"}],"replies":[{"embeddable":true,"href":"https:\/\/www.kelmis.be\/fr\/wp-json\/wp\/v2\/comments?post=17960"}],"version-history":[{"count":6,"href":"https:\/\/www.kelmis.be\/fr\/wp-json\/wp\/v2\/posts\/17960\/revisions"}],"predecessor-version":[{"id":17994,"href":"https:\/\/www.kelmis.be\/fr\/wp-json\/wp\/v2\/posts\/17960\/revisions\/17994"}],"wp:featuredmedia":[{"embeddable":true,"href":"https:\/\/www.kelmis.be\/fr\/wp-json\/wp\/v2\/media\/17961"}],"wp:attachment":[{"href":"https:\/\/www.kelmis.be\/fr\/wp-json\/wp\/v2\/media?parent=17960"}],"wp:term":[{"taxonomy":"category","embeddable":true,"href":"https:\/\/www.kelmis.be\/fr\/wp-json\/wp\/v2\/categories?post=17960"},{"taxonomy":"post_tag","embeddable":true,"href":"https:\/\/www.kelmis.be\/fr\/wp-json\/wp\/v2\/tags?post=17960"}],"curies":[{"name":"wp","href":"https:\/\/api.w.org\/{rel}","templated":true}]}}