{"id":17903,"date":"2025-12-23T18:13:29","date_gmt":"2025-12-23T17:13:29","guid":{"rendered":"https:\/\/www.kelmis.be\/?p=17903"},"modified":"2025-12-23T18:15:43","modified_gmt":"2025-12-23T17:15:43","slug":"annonce-dune-enquete-publique-transformation-du-lidl-en-salle-de-fete","status":"publish","type":"post","link":"https:\/\/www.kelmis.be\/fr\/depuis-la-maison-communale\/annonce-dune-enquete-publique-transformation-du-lidl-en-salle-de-fete","title":{"rendered":"Annonce d\u2019une enqu\u00eate publique : transformation du Lidl en salle de f\u00eate"},"content":{"rendered":"<p>Le Coll\u00e8ge communal porte \u00e0 la connaissance de la population que Monsieur Levan ENUKIDZE a introduit une demande de permis d\u2019environnement pour la transformation d\u2019un ancien commerce (Lidl) en salle de f\u00eate et d\u2019\u00e9v\u00e8nement pour maximum 500 personnes, sis rue de Li\u00e8ge, 249 \u00e0 4721 Kelmis (Parcelles cadastr\u00e9es : Div 2, Sect. C, nr. 39 R 4).<\/p>\n<p>\u00ab Sur la base de la description des activit\u00e9s, des sites de stockage et des installations, ainsi que des mesures pr\u00e9vues dans le projet, on peut consid\u00e9rer que les impacts environnementaux associ\u00e9s ne sont pas significatifs.<\/p>\n<p>Les principaux impacts de l&rsquo;exploitation concernent :<\/p>\n<p>Le risque d&rsquo;incendie<\/p>\n<p>Le bruit<\/p>\n<p>Ces risques et les mesures pr\u00e9ventives sont suffisamment d\u00e9crits dans le dossier pour permettre aux instances concern\u00e9es de se positionner en toute connaissance de cause. Le dossier comprend notamment une \u00e9tude acoustique.<\/p>\n<p>Le projet ne doit donc pas faire l&rsquo;objet d&rsquo;une \u00e9valuation compl\u00e8te des impacts. \u00bb<\/p>\n","protected":false},"excerpt":{"rendered":"Le Coll\u00e8ge communal porte \u00e0 la connaissance de la population que Monsieur Levan ENUKIDZE a introduit une demande de permis d\u2019environnement pour la transformation d\u2019un ancien commerce (Lidl) en salle de f\u00eate et d\u2019\u00e9v\u00e8nement pour maximum 500 personnes, sis rue de Li\u00e8ge, 249 \u00e0 4721 Kelmis (Parcelles cadastr\u00e9es : Div 2, Sect. C, nr. 39 [&hellip;]","protected":false},"author":2,"featured_media":17762,"comment_status":"closed","ping_status":"closed","sticky":false,"template":"","format":"standard","meta":{"_acf_changed":false,"footnotes":""},"categories":[71],"tags":[],"class_list":["post-17903","post","type-post","status-publish","format-standard","has-post-thumbnail","hentry","category-depuis-la-maison-communale"],"acf":[],"_links":{"self":[{"href":"https:\/\/www.kelmis.be\/fr\/wp-json\/wp\/v2\/posts\/17903","targetHints":{"allow":["GET"]}}],"collection":[{"href":"https:\/\/www.kelmis.be\/fr\/wp-json\/wp\/v2\/posts"}],"about":[{"href":"https:\/\/www.kelmis.be\/fr\/wp-json\/wp\/v2\/types\/post"}],"author":[{"embeddable":true,"href":"https:\/\/www.kelmis.be\/fr\/wp-json\/wp\/v2\/users\/2"}],"replies":[{"embeddable":true,"href":"https:\/\/www.kelmis.be\/fr\/wp-json\/wp\/v2\/comments?post=17903"}],"version-history":[{"count":2,"href":"https:\/\/www.kelmis.be\/fr\/wp-json\/wp\/v2\/posts\/17903\/revisions"}],"predecessor-version":[{"id":17908,"href":"https:\/\/www.kelmis.be\/fr\/wp-json\/wp\/v2\/posts\/17903\/revisions\/17908"}],"wp:featuredmedia":[{"embeddable":true,"href":"https:\/\/www.kelmis.be\/fr\/wp-json\/wp\/v2\/media\/17762"}],"wp:attachment":[{"href":"https:\/\/www.kelmis.be\/fr\/wp-json\/wp\/v2\/media?parent=17903"}],"wp:term":[{"taxonomy":"category","embeddable":true,"href":"https:\/\/www.kelmis.be\/fr\/wp-json\/wp\/v2\/categories?post=17903"},{"taxonomy":"post_tag","embeddable":true,"href":"https:\/\/www.kelmis.be\/fr\/wp-json\/wp\/v2\/tags?post=17903"}],"curies":[{"name":"wp","href":"https:\/\/api.w.org\/{rel}","templated":true}]}}