{"id":17863,"date":"2025-12-22T11:58:56","date_gmt":"2025-12-22T10:58:56","guid":{"rendered":"https:\/\/www.kelmis.be\/?p=17863"},"modified":"2025-12-22T12:08:31","modified_gmt":"2025-12-22T11:08:31","slug":"les-jours-de-fermeture-durant-la-periode-de-fin-dannee","status":"publish","type":"post","link":"https:\/\/www.kelmis.be\/fr\/depuis-la-maison-communale\/les-jours-de-fermeture-durant-la-periode-de-fin-dannee","title":{"rendered":"Les jours de fermeture durant la p\u00e9riode de fin d&rsquo;ann\u00e9e"},"content":{"rendered":"<p>En raison des jours f\u00e9ri\u00e9s \u00e0 venir, nos services seront ferm\u00e9s aux dates suivantes :<\/p>\n<p>Mercredi 24 d\u00e9cembre : ferm\u00e9 \u00e0 partir de 12 h<\/p>\n<p>Jeudi 25 d\u00e9cembre et vendredi 26 d\u00e9cembre : ferm\u00e9<\/p>\n<p>Mercredi 31 d\u00e9cembre : ferm\u00e9 \u00e0 partir de 12 h<\/p>\n<p>Jeudi 1er janvier : ferm\u00e9<\/p>\n","protected":false},"excerpt":{"rendered":"En raison des jours f\u00e9ri\u00e9s \u00e0 venir, nos services seront ferm\u00e9s aux dates suivantes : Mercredi 24 d\u00e9cembre : ferm\u00e9 \u00e0 partir de 12 h Jeudi 25 d\u00e9cembre et vendredi 26 d\u00e9cembre : ferm\u00e9 Mercredi 31 d\u00e9cembre : ferm\u00e9 \u00e0 partir de 12 h Jeudi 1er janvier : ferm\u00e9","protected":false},"author":2,"featured_media":17630,"comment_status":"closed","ping_status":"closed","sticky":false,"template":"","format":"standard","meta":{"_acf_changed":false,"footnotes":""},"categories":[71],"tags":[],"class_list":["post-17863","post","type-post","status-publish","format-standard","has-post-thumbnail","hentry","category-depuis-la-maison-communale"],"acf":[],"_links":{"self":[{"href":"https:\/\/www.kelmis.be\/fr\/wp-json\/wp\/v2\/posts\/17863","targetHints":{"allow":["GET"]}}],"collection":[{"href":"https:\/\/www.kelmis.be\/fr\/wp-json\/wp\/v2\/posts"}],"about":[{"href":"https:\/\/www.kelmis.be\/fr\/wp-json\/wp\/v2\/types\/post"}],"author":[{"embeddable":true,"href":"https:\/\/www.kelmis.be\/fr\/wp-json\/wp\/v2\/users\/2"}],"replies":[{"embeddable":true,"href":"https:\/\/www.kelmis.be\/fr\/wp-json\/wp\/v2\/comments?post=17863"}],"version-history":[{"count":1,"href":"https:\/\/www.kelmis.be\/fr\/wp-json\/wp\/v2\/posts\/17863\/revisions"}],"predecessor-version":[{"id":17864,"href":"https:\/\/www.kelmis.be\/fr\/wp-json\/wp\/v2\/posts\/17863\/revisions\/17864"}],"wp:featuredmedia":[{"embeddable":true,"href":"https:\/\/www.kelmis.be\/fr\/wp-json\/wp\/v2\/media\/17630"}],"wp:attachment":[{"href":"https:\/\/www.kelmis.be\/fr\/wp-json\/wp\/v2\/media?parent=17863"}],"wp:term":[{"taxonomy":"category","embeddable":true,"href":"https:\/\/www.kelmis.be\/fr\/wp-json\/wp\/v2\/categories?post=17863"},{"taxonomy":"post_tag","embeddable":true,"href":"https:\/\/www.kelmis.be\/fr\/wp-json\/wp\/v2\/tags?post=17863"}],"curies":[{"name":"wp","href":"https:\/\/api.w.org\/{rel}","templated":true}]}}