{"id":17858,"date":"2025-12-19T16:21:39","date_gmt":"2025-12-19T15:21:39","guid":{"rendered":"https:\/\/www.kelmis.be\/?p=17858"},"modified":"2025-12-19T16:31:56","modified_gmt":"2025-12-19T15:31:56","slug":"le-nouveau-kelmis-magazine-est-disponible-la-une-consacree-aux-princes","status":"publish","type":"post","link":"https:\/\/www.kelmis.be\/fr\/depuis-la-maison-communale\/le-nouveau-kelmis-magazine-est-disponible-la-une-consacree-aux-princes","title":{"rendered":"Le nouveau Kelmis magazine est disponible &#8211; La une consacr\u00e9e aux princes"},"content":{"rendered":"<p>Le nouveau Kelmis magazine est disponible. La une est consacr\u00e9e aux princes de carnaval Eann Ier, Levin Ier et Liam Ier.<\/p>\n<p>Comme d&rsquo;habitude, le num\u00e9ro de d\u00e9cembre est accompagn\u00e9 du calendrier annuel interculturel, qui peut \u00e9galement \u00eatre t\u00e9l\u00e9charg\u00e9 sur notre <strong><a href=\"ttps:\/\/www.kelmis.be\/wp-content\/uploads\/2025\/12\/Calendrier-interculturel-2026.pdf\">site web.<\/a><\/strong><\/p>\n<p>La version imprim\u00e9e du magazine est disponible au mus\u00e9e Vieille Montagne, au CPAS, \u00e0 la maison communale et \u00e0 la biblioth\u00e8que paroissiale.<\/p>\n<p>La version digitale du magazine est disponible<strong><a href=\"https:\/\/magazin.kelmis.be\/le-kelmis-magazine\"> ici<\/a><\/strong>.<\/p>\n<p>Bonne lecture\u00a0!<\/p>\n","protected":false},"excerpt":{"rendered":"Le nouveau Kelmis magazine est disponible. La une est consacr\u00e9e aux princes de carnaval Eann Ier, Levin Ier et Liam Ier. Comme d&rsquo;habitude, le num\u00e9ro de d\u00e9cembre est accompagn\u00e9 du calendrier annuel interculturel, qui peut \u00e9galement \u00eatre t\u00e9l\u00e9charg\u00e9 sur notre site web. La version imprim\u00e9e du magazine est disponible au mus\u00e9e Vieille Montagne, au CPAS, [&hellip;]","protected":false},"author":2,"featured_media":17859,"comment_status":"closed","ping_status":"closed","sticky":false,"template":"","format":"standard","meta":{"_acf_changed":false,"footnotes":""},"categories":[71],"tags":[],"class_list":["post-17858","post","type-post","status-publish","format-standard","has-post-thumbnail","hentry","category-depuis-la-maison-communale"],"acf":[],"_links":{"self":[{"href":"https:\/\/www.kelmis.be\/fr\/wp-json\/wp\/v2\/posts\/17858","targetHints":{"allow":["GET"]}}],"collection":[{"href":"https:\/\/www.kelmis.be\/fr\/wp-json\/wp\/v2\/posts"}],"about":[{"href":"https:\/\/www.kelmis.be\/fr\/wp-json\/wp\/v2\/types\/post"}],"author":[{"embeddable":true,"href":"https:\/\/www.kelmis.be\/fr\/wp-json\/wp\/v2\/users\/2"}],"replies":[{"embeddable":true,"href":"https:\/\/www.kelmis.be\/fr\/wp-json\/wp\/v2\/comments?post=17858"}],"version-history":[{"count":1,"href":"https:\/\/www.kelmis.be\/fr\/wp-json\/wp\/v2\/posts\/17858\/revisions"}],"predecessor-version":[{"id":17860,"href":"https:\/\/www.kelmis.be\/fr\/wp-json\/wp\/v2\/posts\/17858\/revisions\/17860"}],"wp:featuredmedia":[{"embeddable":true,"href":"https:\/\/www.kelmis.be\/fr\/wp-json\/wp\/v2\/media\/17859"}],"wp:attachment":[{"href":"https:\/\/www.kelmis.be\/fr\/wp-json\/wp\/v2\/media?parent=17858"}],"wp:term":[{"taxonomy":"category","embeddable":true,"href":"https:\/\/www.kelmis.be\/fr\/wp-json\/wp\/v2\/categories?post=17858"},{"taxonomy":"post_tag","embeddable":true,"href":"https:\/\/www.kelmis.be\/fr\/wp-json\/wp\/v2\/tags?post=17858"}],"curies":[{"name":"wp","href":"https:\/\/api.w.org\/{rel}","templated":true}]}}