{"id":17791,"date":"2025-12-11T10:41:32","date_gmt":"2025-12-11T09:41:32","guid":{"rendered":"https:\/\/www.kelmis.be\/?p=17791"},"modified":"2025-12-11T10:49:14","modified_gmt":"2025-12-11T09:49:14","slug":"retard-dans-la-distribution-des-calendriers-de-collecte-des-dechets-2026","status":"publish","type":"post","link":"https:\/\/www.kelmis.be\/fr\/depuis-la-maison-communale\/retard-dans-la-distribution-des-calendriers-de-collecte-des-dechets-2026","title":{"rendered":"Retard dans la distribution des calendriers de collecte des d\u00e9chets 2026"},"content":{"rendered":"<p>\u00c0 notre demande, l&rsquo;intercommunale Intradel nous a inform\u00e9s que la distribution des calendriers de collecte des d\u00e9chets 2026 dans notre commune pourrait conna\u00eetre quelques retards. Si vous n&rsquo;avez pas re\u00e7u votre calendrier dans votre bo\u00eete aux lettres d&rsquo;ici lundi prochain, veuillez contacter Intradel au 04\/240 74 74.<\/p>\n","protected":false},"excerpt":{"rendered":"\u00c0 notre demande, l&rsquo;intercommunale Intradel nous a inform\u00e9s que la distribution des calendriers de collecte des d\u00e9chets 2026 dans notre commune pourrait conna\u00eetre quelques retards. Si vous n&rsquo;avez pas re\u00e7u votre calendrier dans votre bo\u00eete aux lettres d&rsquo;ici lundi prochain, veuillez contacter Intradel au 04\/240 74 74.","protected":false},"author":2,"featured_media":17790,"comment_status":"closed","ping_status":"closed","sticky":false,"template":"","format":"standard","meta":{"_acf_changed":false,"footnotes":""},"categories":[71],"tags":[],"class_list":["post-17791","post","type-post","status-publish","format-standard","has-post-thumbnail","hentry","category-depuis-la-maison-communale"],"acf":[],"_links":{"self":[{"href":"https:\/\/www.kelmis.be\/fr\/wp-json\/wp\/v2\/posts\/17791","targetHints":{"allow":["GET"]}}],"collection":[{"href":"https:\/\/www.kelmis.be\/fr\/wp-json\/wp\/v2\/posts"}],"about":[{"href":"https:\/\/www.kelmis.be\/fr\/wp-json\/wp\/v2\/types\/post"}],"author":[{"embeddable":true,"href":"https:\/\/www.kelmis.be\/fr\/wp-json\/wp\/v2\/users\/2"}],"replies":[{"embeddable":true,"href":"https:\/\/www.kelmis.be\/fr\/wp-json\/wp\/v2\/comments?post=17791"}],"version-history":[{"count":1,"href":"https:\/\/www.kelmis.be\/fr\/wp-json\/wp\/v2\/posts\/17791\/revisions"}],"predecessor-version":[{"id":17792,"href":"https:\/\/www.kelmis.be\/fr\/wp-json\/wp\/v2\/posts\/17791\/revisions\/17792"}],"wp:featuredmedia":[{"embeddable":true,"href":"https:\/\/www.kelmis.be\/fr\/wp-json\/wp\/v2\/media\/17790"}],"wp:attachment":[{"href":"https:\/\/www.kelmis.be\/fr\/wp-json\/wp\/v2\/media?parent=17791"}],"wp:term":[{"taxonomy":"category","embeddable":true,"href":"https:\/\/www.kelmis.be\/fr\/wp-json\/wp\/v2\/categories?post=17791"},{"taxonomy":"post_tag","embeddable":true,"href":"https:\/\/www.kelmis.be\/fr\/wp-json\/wp\/v2\/tags?post=17791"}],"curies":[{"name":"wp","href":"https:\/\/api.w.org\/{rel}","templated":true}]}}