{"id":17771,"date":"2025-12-09T14:00:47","date_gmt":"2025-12-09T13:00:47","guid":{"rendered":"https:\/\/www.kelmis.be\/?p=17771"},"modified":"2025-12-09T14:00:47","modified_gmt":"2025-12-09T13:00:47","slug":"probleme-technique-notre-service-de-lurbanisme-nest-pas-joignable-cet-apres-midi","status":"publish","type":"post","link":"https:\/\/www.kelmis.be\/fr\/depuis-la-maison-communale\/probleme-technique-notre-service-de-lurbanisme-nest-pas-joignable-cet-apres-midi","title":{"rendered":"Probl\u00e8me technique :  notre service de l&rsquo;urbanisme n&rsquo;est pas joignable cet apr\u00e8s-midi"},"content":{"rendered":"<p>En raison d&rsquo;un probl\u00e8me technique, notre service de l&rsquo;urbanisme n&rsquo;est pas joignable par t\u00e9l\u00e9phone ni par e-mail cet apr\u00e8s-midi. Nous vous remercions de votre compr\u00e9hension.<\/p>\n","protected":false},"excerpt":{"rendered":"En raison d&rsquo;un probl\u00e8me technique, notre service de l&rsquo;urbanisme n&rsquo;est pas joignable par t\u00e9l\u00e9phone ni par e-mail cet apr\u00e8s-midi. Nous vous remercions de votre compr\u00e9hension.","protected":false},"author":2,"featured_media":17772,"comment_status":"closed","ping_status":"closed","sticky":false,"template":"","format":"standard","meta":{"_acf_changed":false,"footnotes":""},"categories":[71],"tags":[],"class_list":["post-17771","post","type-post","status-publish","format-standard","has-post-thumbnail","hentry","category-depuis-la-maison-communale"],"acf":[],"_links":{"self":[{"href":"https:\/\/www.kelmis.be\/fr\/wp-json\/wp\/v2\/posts\/17771","targetHints":{"allow":["GET"]}}],"collection":[{"href":"https:\/\/www.kelmis.be\/fr\/wp-json\/wp\/v2\/posts"}],"about":[{"href":"https:\/\/www.kelmis.be\/fr\/wp-json\/wp\/v2\/types\/post"}],"author":[{"embeddable":true,"href":"https:\/\/www.kelmis.be\/fr\/wp-json\/wp\/v2\/users\/2"}],"replies":[{"embeddable":true,"href":"https:\/\/www.kelmis.be\/fr\/wp-json\/wp\/v2\/comments?post=17771"}],"version-history":[{"count":1,"href":"https:\/\/www.kelmis.be\/fr\/wp-json\/wp\/v2\/posts\/17771\/revisions"}],"predecessor-version":[{"id":17773,"href":"https:\/\/www.kelmis.be\/fr\/wp-json\/wp\/v2\/posts\/17771\/revisions\/17773"}],"wp:featuredmedia":[{"embeddable":true,"href":"https:\/\/www.kelmis.be\/fr\/wp-json\/wp\/v2\/media\/17772"}],"wp:attachment":[{"href":"https:\/\/www.kelmis.be\/fr\/wp-json\/wp\/v2\/media?parent=17771"}],"wp:term":[{"taxonomy":"category","embeddable":true,"href":"https:\/\/www.kelmis.be\/fr\/wp-json\/wp\/v2\/categories?post=17771"},{"taxonomy":"post_tag","embeddable":true,"href":"https:\/\/www.kelmis.be\/fr\/wp-json\/wp\/v2\/tags?post=17771"}],"curies":[{"name":"wp","href":"https:\/\/api.w.org\/{rel}","templated":true}]}}