{"id":17761,"date":"2025-12-08T13:29:02","date_gmt":"2025-12-08T12:29:02","guid":{"rendered":"https:\/\/www.kelmis.be\/?p=17761"},"modified":"2025-12-08T13:29:16","modified_gmt":"2025-12-08T12:29:16","slug":"demande-de-renouvellement-du-permis-denvironnement-de-la-firme-tychon-freres","status":"publish","type":"post","link":"https:\/\/www.kelmis.be\/fr\/depuis-la-maison-communale\/demande-de-renouvellement-du-permis-denvironnement-de-la-firme-tychon-freres","title":{"rendered":"Demande de renouvellement du permis d\u2019environnement de la firme Tychon Fr\u00e8res"},"content":{"rendered":"<p>La firme Gebr\u00fcder Tychon \u2013 Tychon Fr\u00e8res SPRL a introduit une demande de renouvellement du permis d\u2019environnement pour un commerce de mat\u00e9riaux de construction, de n\u00e9cessaires de bricolage, de feux d\u2019artifices, ainsi que les activit\u00e9s de construction d\u2019\u00e9chafaudages, de travaux de toiture, ainsi que l\u2019ajout de l\u2019activit\u00e9 de charpenterie, sis rue de Li\u00e8ge, 275 \u00e0 4721 Kelmis (Parcelles cadastr\u00e9es\u00a0: Div 2, Sect. C, nr. 39 G-K-T-W-X-Y).<\/p>\n<p>Sur base de la description des activit\u00e9s, des sites de stockage et des installations, ainsi que des mesures pr\u00e9vues dans le projet, on peut supposer que les impacts environnementaux associ\u00e9s ne sont pas consid\u00e9r\u00e9s comme significatifs.<\/p>\n<p>Les principaux impacts de l&rsquo;exploitation concernent :<\/p>\n<p>\u2022\u00a0\u00a0\u00a0 les risques d&rsquo;incendie et d&rsquo;explosion li\u00e9s au stockage de substances inflammables (carburant, feux d&rsquo;artifice) ;<\/p>\n<p>\u2022\u00a0\u00a0\u00a0 les risques de pollution des sols, certaines activit\u00e9s pr\u00e9sentant un danger pour les sols (stockage de substances nocives pour l&rsquo;environnement, usine de b\u00e9ton) ;<\/p>\n<p>\u2022\u00a0\u00a0\u00a0 la gestion des d\u00e9chets.<\/p>\n<p>Ces risques et les mesures pr\u00e9ventives sont suffisamment d\u00e9crits dans le dossier pour que les instances concern\u00e9es puissent se positionner en toute connaissance de cause.<\/p>\n<p>Le projet ne doit donc pas faire l&rsquo;objet d&rsquo;une \u00e9valuation compl\u00e8te des incidences.<\/p>\n","protected":false},"excerpt":{"rendered":"La firme Gebr\u00fcder Tychon \u2013 Tychon Fr\u00e8res SPRL a introduit une demande de renouvellement du permis d\u2019environnement pour un commerce de mat\u00e9riaux de construction, de n\u00e9cessaires de bricolage, de feux d\u2019artifices, ainsi que les activit\u00e9s de construction d\u2019\u00e9chafaudages, de travaux de toiture, ainsi que l\u2019ajout de l\u2019activit\u00e9 de charpenterie, sis rue de Li\u00e8ge, 275 \u00e0 [&hellip;]","protected":false},"author":2,"featured_media":17762,"comment_status":"closed","ping_status":"closed","sticky":false,"template":"","format":"standard","meta":{"_acf_changed":false,"footnotes":""},"categories":[71],"tags":[],"class_list":["post-17761","post","type-post","status-publish","format-standard","has-post-thumbnail","hentry","category-depuis-la-maison-communale"],"acf":[],"_links":{"self":[{"href":"https:\/\/www.kelmis.be\/fr\/wp-json\/wp\/v2\/posts\/17761","targetHints":{"allow":["GET"]}}],"collection":[{"href":"https:\/\/www.kelmis.be\/fr\/wp-json\/wp\/v2\/posts"}],"about":[{"href":"https:\/\/www.kelmis.be\/fr\/wp-json\/wp\/v2\/types\/post"}],"author":[{"embeddable":true,"href":"https:\/\/www.kelmis.be\/fr\/wp-json\/wp\/v2\/users\/2"}],"replies":[{"embeddable":true,"href":"https:\/\/www.kelmis.be\/fr\/wp-json\/wp\/v2\/comments?post=17761"}],"version-history":[{"count":2,"href":"https:\/\/www.kelmis.be\/fr\/wp-json\/wp\/v2\/posts\/17761\/revisions"}],"predecessor-version":[{"id":17764,"href":"https:\/\/www.kelmis.be\/fr\/wp-json\/wp\/v2\/posts\/17761\/revisions\/17764"}],"wp:featuredmedia":[{"embeddable":true,"href":"https:\/\/www.kelmis.be\/fr\/wp-json\/wp\/v2\/media\/17762"}],"wp:attachment":[{"href":"https:\/\/www.kelmis.be\/fr\/wp-json\/wp\/v2\/media?parent=17761"}],"wp:term":[{"taxonomy":"category","embeddable":true,"href":"https:\/\/www.kelmis.be\/fr\/wp-json\/wp\/v2\/categories?post=17761"},{"taxonomy":"post_tag","embeddable":true,"href":"https:\/\/www.kelmis.be\/fr\/wp-json\/wp\/v2\/tags?post=17761"}],"curies":[{"name":"wp","href":"https:\/\/api.w.org\/{rel}","templated":true}]}}